{"id":1492,"date":"2023-03-27T07:27:13","date_gmt":"2023-03-27T07:27:13","guid":{"rendered":"https:\/\/cofradiadeldesarme.com\/?p=1492"},"modified":"2025-05-12T18:01:16","modified_gmt":"2025-05-12T18:01:16","slug":"ganador-del-i-certamen-internacional-de-poesia-2023-2","status":"publish","type":"post","link":"https:\/\/cofradiadeldesarme.com\/?p=1492","title":{"rendered":"VIII Gran Cap\u00edtulo de la Cofrad\u00eda de les Fabes"},"content":{"rendered":"","protected":false},"excerpt":{"rendered":"<p>VIII Gran Cap\u00edtulo de la Cofrad\u00eda Amigos de les Fabes<\/p>\n<p>La Cofrad\u00eda de Amigos de les Fabes del Principado de Asturias, Villaviciosa celebr\u00f3 el\u00a0 VIII Gran Cap\u00edtulo de la Cofrad\u00eda, como parte de las XXXIX Jornadas Gastron\u00f3micas y Culturales de les Fabes en Villaviciosa que se celebran del 21 al 26 de Marzo.<\/p>\n","protected":false},"author":1,"featured_media":1494,"comment_status":"closed","ping_status":"closed","sticky":false,"template":"","format":"standard","meta":{"_acf_changed":false,"footnotes":""},"categories":[73,69],"tags":[],"class_list":["post-1492","post","type-post","status-publish","format-standard","has-post-thumbnail","hentry","category-capitulos-de-otras-cofradias","category-noticias"],"aioseo_notices":[],"aioseo_head":"\n\t\t<!-- All in One SEO 5.0.1.1 - aioseo.com -->\n\t<meta name=\"description\" content=\"VIII Gran Cap\u00edtulo de la Cofrad\u00eda Amigos de les Fabes La Cofrad\u00eda de Amigos de les Fabes del Principado de Asturias, Villaviciosa celebr\u00f3 el VIII Gran Cap\u00edtulo de la Cofrad\u00eda, como parte de las XXXIX Jornadas Gastron\u00f3micas y Culturales de les Fabes en Villaviciosa que se celebran del 21 al 26 de Marzo.\" \/>\n\t<meta name=\"robots\" content=\"noindex, nofollow, max-image-preview:large\" \/>\n\t<meta name=\"author\" content=\"admin\"\/>\n\t<meta name=\"google-site-verification\" content=\"TeADORbnbuzbAYnSXlpdGfN9bzDT493vArWGYaN822Y\" \/>\n\t<link rel=\"canonical\" href=\"https:\/\/cofradiadeldesarme.com\/?p=1492\" \/>\n\t<meta name=\"generator\" content=\"All in One SEO (AIOSEO) 5.0.1.1\" \/>\n\t\t<meta property=\"og:locale\" content=\"es_ES\" \/>\n\t\t<meta property=\"og:site_name\" content=\"El Desarme de Oviedo - La Fiesta Gastron\u00f3mica m\u00e1s antigua de Espa\u00f1a\" \/>\n\t\t<meta property=\"og:type\" content=\"article\" \/>\n\t\t<meta property=\"og:title\" content=\"VIII Gran Cap\u00edtulo de la Cofrad\u00eda de les Fabes - El Desarme de Oviedo\" \/>\n\t\t<meta property=\"og:description\" content=\"VIII Gran Cap\u00edtulo de la Cofrad\u00eda Amigos de les Fabes La Cofrad\u00eda de Amigos de les Fabes del Principado de Asturias, Villaviciosa celebr\u00f3 el VIII Gran Cap\u00edtulo de la Cofrad\u00eda, como parte de las XXXIX Jornadas Gastron\u00f3micas y Culturales de les Fabes en Villaviciosa que se celebran del 21 al 26 de Marzo.\" \/>\n\t\t<meta property=\"og:url\" content=\"https:\/\/cofradiadeldesarme.com\/?p=1492\" \/>\n\t\t<meta property=\"og:image\" content=\"https:\/\/cofradiadeldesarme.com\/wp-content\/uploads\/2025\/04\/logo-El-Desarme-min.png\" \/>\n\t\t<meta property=\"og:image:secure_url\" content=\"https:\/\/cofradiadeldesarme.com\/wp-content\/uploads\/2025\/04\/logo-El-Desarme-min.png\" \/>\n\t\t<meta property=\"article:published_time\" content=\"2023-03-27T07:27:13+00:00\" \/>\n\t\t<meta property=\"article:modified_time\" content=\"2025-05-12T18:01:16+00:00\" \/>\n\t\t<meta name=\"twitter:card\" content=\"summary_large_image\" \/>\n\t\t<meta name=\"twitter:title\" content=\"VIII Gran Cap\u00edtulo de la Cofrad\u00eda de les Fabes - El Desarme de Oviedo\" \/>\n\t\t<meta name=\"twitter:description\" content=\"VIII Gran Cap\u00edtulo de la Cofrad\u00eda Amigos de les Fabes La Cofrad\u00eda de Amigos de les Fabes del Principado de Asturias, Villaviciosa celebr\u00f3 el VIII Gran Cap\u00edtulo de la Cofrad\u00eda, como parte de las XXXIX Jornadas Gastron\u00f3micas y Culturales de les Fabes en Villaviciosa que se celebran del 21 al 26 de Marzo.\" \/>\n\t\t<meta name=\"twitter:image\" content=\"https:\/\/cofradiadeldesarme.com\/wp-content\/uploads\/2025\/04\/logo-El-Desarme-min.png\" \/>\n\t\t<script type=\"application\/ld+json\" class=\"aioseo-schema\">\n\t\t\t{\"@context\":\"https:\\\/\\\/schema.org\",\"@graph\":[{\"@type\":\"BlogPosting\",\"@id\":\"https:\\\/\\\/cofradiadeldesarme.com\\\/?p=1492#blogposting\",\"name\":\"VIII Gran Cap\\u00edtulo de la Cofrad\\u00eda de les Fabes - El Desarme de Oviedo\",\"headline\":\"VIII Gran Cap\\u00edtulo de la Cofrad\\u00eda de les Fabes\",\"author\":{\"@id\":\"https:\\\/\\\/cofradiadeldesarme.com\\\/?author=1#author\"},\"publisher\":{\"@id\":\"https:\\\/\\\/cofradiadeldesarme.com\\\/#organization\"},\"image\":{\"@type\":\"ImageObject\",\"url\":1494},\"datePublished\":\"2023-03-27T07:27:13+02:00\",\"dateModified\":\"2025-05-12T18:01:16+02:00\",\"inLanguage\":\"es-ES\",\"mainEntityOfPage\":{\"@id\":\"https:\\\/\\\/cofradiadeldesarme.com\\\/?p=1492#webpage\"},\"isPartOf\":{\"@id\":\"https:\\\/\\\/cofradiadeldesarme.com\\\/?p=1492#webpage\"},\"articleSection\":\"Cap\\u00edtulos de otras Cofrad\\u00edas, Noticias\"},{\"@type\":\"BreadcrumbList\",\"@id\":\"https:\\\/\\\/cofradiadeldesarme.com\\\/?p=1492#breadcrumblist\",\"itemListElement\":[{\"@type\":\"ListItem\",\"@id\":\"https:\\\/\\\/cofradiadeldesarme.com#listItem\",\"position\":1,\"name\":\"Home\",\"item\":\"https:\\\/\\\/cofradiadeldesarme.com\",\"nextItem\":{\"@type\":\"ListItem\",\"@id\":\"https:\\\/\\\/cofradiadeldesarme.com\\\/?cat=69#listItem\",\"name\":\"Noticias\"}},{\"@type\":\"ListItem\",\"@id\":\"https:\\\/\\\/cofradiadeldesarme.com\\\/?cat=69#listItem\",\"position\":2,\"name\":\"Noticias\",\"item\":\"https:\\\/\\\/cofradiadeldesarme.com\\\/?cat=69\",\"nextItem\":{\"@type\":\"ListItem\",\"@id\":\"https:\\\/\\\/cofradiadeldesarme.com\\\/?p=1492#listItem\",\"name\":\"VIII Gran Cap\\u00edtulo de la Cofrad\\u00eda de les Fabes\"},\"previousItem\":{\"@type\":\"ListItem\",\"@id\":\"https:\\\/\\\/cofradiadeldesarme.com#listItem\",\"name\":\"Home\"}},{\"@type\":\"ListItem\",\"@id\":\"https:\\\/\\\/cofradiadeldesarme.com\\\/?p=1492#listItem\",\"position\":3,\"name\":\"VIII Gran Cap\\u00edtulo de la Cofrad\\u00eda de les Fabes\",\"previousItem\":{\"@type\":\"ListItem\",\"@id\":\"https:\\\/\\\/cofradiadeldesarme.com\\\/?cat=69#listItem\",\"name\":\"Noticias\"}}]},{\"@type\":\"Organization\",\"@id\":\"https:\\\/\\\/cofradiadeldesarme.com\\\/#organization\",\"name\":\"El Desarme de Oviedo\",\"description\":\"La Fiesta Gastron\\u00f3mica m\\u00e1s antigua de Espa\\u00f1a\",\"url\":\"https:\\\/\\\/cofradiadeldesarme.com\\\/\",\"logo\":{\"@type\":\"ImageObject\",\"url\":\"https:\\\/\\\/cofradiadeldesarme.com\\\/wp-content\\\/uploads\\\/2025\\\/04\\\/logo-El-Desarme-min.png\",\"@id\":\"https:\\\/\\\/cofradiadeldesarme.com\\\/?p=1492\\\/#organizationLogo\",\"width\":400,\"height\":190},\"image\":{\"@id\":\"https:\\\/\\\/cofradiadeldesarme.com\\\/?p=1492\\\/#organizationLogo\"}},{\"@type\":\"Person\",\"@id\":\"https:\\\/\\\/cofradiadeldesarme.com\\\/?author=1#author\",\"url\":\"https:\\\/\\\/cofradiadeldesarme.com\\\/?author=1\",\"name\":\"admin\",\"image\":{\"@type\":\"ImageObject\",\"@id\":\"https:\\\/\\\/cofradiadeldesarme.com\\\/?p=1492#authorImage\",\"url\":\"https:\\\/\\\/secure.gravatar.com\\\/avatar\\\/5b3b35fcdad2531878232d2b4e458c1ee82d583e8b6931927916a062e9e58402?s=96&d=mm&r=g\",\"width\":96,\"height\":96,\"caption\":\"admin\"}},{\"@type\":\"WebPage\",\"@id\":\"https:\\\/\\\/cofradiadeldesarme.com\\\/?p=1492#webpage\",\"url\":\"https:\\\/\\\/cofradiadeldesarme.com\\\/?p=1492\",\"name\":\"VIII Gran Cap\\u00edtulo de la Cofrad\\u00eda de les Fabes - El Desarme de Oviedo\",\"description\":\"VIII Gran Cap\\u00edtulo de la Cofrad\\u00eda Amigos de les Fabes La Cofrad\\u00eda de Amigos de les Fabes del Principado de Asturias, Villaviciosa celebr\\u00f3 el VIII Gran Cap\\u00edtulo de la Cofrad\\u00eda, como parte de las XXXIX Jornadas Gastron\\u00f3micas y Culturales de les Fabes en Villaviciosa que se celebran del 21 al 26 de Marzo.\",\"inLanguage\":\"es-ES\",\"isPartOf\":{\"@id\":\"https:\\\/\\\/cofradiadeldesarme.com\\\/#website\"},\"breadcrumb\":{\"@id\":\"https:\\\/\\\/cofradiadeldesarme.com\\\/?p=1492#breadcrumblist\"},\"author\":{\"@id\":\"https:\\\/\\\/cofradiadeldesarme.com\\\/?author=1#author\"},\"creator\":{\"@id\":\"https:\\\/\\\/cofradiadeldesarme.com\\\/?author=1#author\"},\"image\":{\"@type\":\"ImageObject\",\"url\":1494,\"@id\":\"https:\\\/\\\/cofradiadeldesarme.com\\\/?p=1492\\\/#mainImage\"},\"primaryImageOfPage\":{\"@id\":\"https:\\\/\\\/cofradiadeldesarme.com\\\/?p=1492#mainImage\"},\"datePublished\":\"2023-03-27T07:27:13+02:00\",\"dateModified\":\"2025-05-12T18:01:16+02:00\"},{\"@type\":\"WebSite\",\"@id\":\"https:\\\/\\\/cofradiadeldesarme.com\\\/#website\",\"url\":\"https:\\\/\\\/cofradiadeldesarme.com\\\/\",\"name\":\"El Desarme de Oviedo\",\"description\":\"La Fiesta Gastron\\u00f3mica m\\u00e1s antigua de Espa\\u00f1a\",\"inLanguage\":\"es-ES\",\"publisher\":{\"@id\":\"https:\\\/\\\/cofradiadeldesarme.com\\\/#organization\"}}]}\n\t\t<\/script>\n\t\t<!-- All in One SEO -->\n\n","aioseo_head_json":{"title":"VIII Gran Cap\u00edtulo de la Cofrad\u00eda de les Fabes - El Desarme de Oviedo","description":"VIII Gran Cap\u00edtulo de la Cofrad\u00eda Amigos de les Fabes La Cofrad\u00eda de Amigos de les Fabes del Principado de Asturias, Villaviciosa celebr\u00f3 el VIII Gran Cap\u00edtulo de la Cofrad\u00eda, como parte de las XXXIX Jornadas Gastron\u00f3micas y Culturales de les Fabes en Villaviciosa que se celebran del 21 al 26 de Marzo.","canonical_url":"https:\/\/cofradiadeldesarme.com\/?p=1492","robots":"noindex, nofollow, max-image-preview:large","keywords":"","webmasterTools":{"google-site-verification":"TeADORbnbuzbAYnSXlpdGfN9bzDT493vArWGYaN822Y","miscellaneous":""},"schema":{"@context":"https:\/\/schema.org","@graph":[{"@type":"BlogPosting","@id":"https:\/\/cofradiadeldesarme.com\/?p=1492#blogposting","name":"VIII Gran Cap\u00edtulo de la Cofrad\u00eda de les Fabes - El Desarme de Oviedo","headline":"VIII Gran Cap\u00edtulo de la Cofrad\u00eda de les Fabes","author":{"@id":"https:\/\/cofradiadeldesarme.com\/?author=1#author"},"publisher":{"@id":"https:\/\/cofradiadeldesarme.com\/#organization"},"image":{"@type":"ImageObject","url":1494},"datePublished":"2023-03-27T07:27:13+02:00","dateModified":"2025-05-12T18:01:16+02:00","inLanguage":"es-ES","mainEntityOfPage":{"@id":"https:\/\/cofradiadeldesarme.com\/?p=1492#webpage"},"isPartOf":{"@id":"https:\/\/cofradiadeldesarme.com\/?p=1492#webpage"},"articleSection":"Cap\u00edtulos de otras Cofrad\u00edas, Noticias"},{"@type":"BreadcrumbList","@id":"https:\/\/cofradiadeldesarme.com\/?p=1492#breadcrumblist","itemListElement":[{"@type":"ListItem","@id":"https:\/\/cofradiadeldesarme.com#listItem","position":1,"name":"Home","item":"https:\/\/cofradiadeldesarme.com","nextItem":{"@type":"ListItem","@id":"https:\/\/cofradiadeldesarme.com\/?cat=69#listItem","name":"Noticias"}},{"@type":"ListItem","@id":"https:\/\/cofradiadeldesarme.com\/?cat=69#listItem","position":2,"name":"Noticias","item":"https:\/\/cofradiadeldesarme.com\/?cat=69","nextItem":{"@type":"ListItem","@id":"https:\/\/cofradiadeldesarme.com\/?p=1492#listItem","name":"VIII Gran Cap\u00edtulo de la Cofrad\u00eda de les Fabes"},"previousItem":{"@type":"ListItem","@id":"https:\/\/cofradiadeldesarme.com#listItem","name":"Home"}},{"@type":"ListItem","@id":"https:\/\/cofradiadeldesarme.com\/?p=1492#listItem","position":3,"name":"VIII Gran Cap\u00edtulo de la Cofrad\u00eda de les Fabes","previousItem":{"@type":"ListItem","@id":"https:\/\/cofradiadeldesarme.com\/?cat=69#listItem","name":"Noticias"}}]},{"@type":"Organization","@id":"https:\/\/cofradiadeldesarme.com\/#organization","name":"El Desarme de Oviedo","description":"La Fiesta Gastron\u00f3mica m\u00e1s antigua de Espa\u00f1a","url":"https:\/\/cofradiadeldesarme.com\/","logo":{"@type":"ImageObject","url":"https:\/\/cofradiadeldesarme.com\/wp-content\/uploads\/2025\/04\/logo-El-Desarme-min.png","@id":"https:\/\/cofradiadeldesarme.com\/?p=1492\/#organizationLogo","width":400,"height":190},"image":{"@id":"https:\/\/cofradiadeldesarme.com\/?p=1492\/#organizationLogo"}},{"@type":"Person","@id":"https:\/\/cofradiadeldesarme.com\/?author=1#author","url":"https:\/\/cofradiadeldesarme.com\/?author=1","name":"admin","image":{"@type":"ImageObject","@id":"https:\/\/cofradiadeldesarme.com\/?p=1492#authorImage","url":"https:\/\/secure.gravatar.com\/avatar\/5b3b35fcdad2531878232d2b4e458c1ee82d583e8b6931927916a062e9e58402?s=96&d=mm&r=g","width":96,"height":96,"caption":"admin"}},{"@type":"WebPage","@id":"https:\/\/cofradiadeldesarme.com\/?p=1492#webpage","url":"https:\/\/cofradiadeldesarme.com\/?p=1492","name":"VIII Gran Cap\u00edtulo de la Cofrad\u00eda de les Fabes - El Desarme de Oviedo","description":"VIII Gran Cap\u00edtulo de la Cofrad\u00eda Amigos de les Fabes La Cofrad\u00eda de Amigos de les Fabes del Principado de Asturias, Villaviciosa celebr\u00f3 el VIII Gran Cap\u00edtulo de la Cofrad\u00eda, como parte de las XXXIX Jornadas Gastron\u00f3micas y Culturales de les Fabes en Villaviciosa que se celebran del 21 al 26 de Marzo.","inLanguage":"es-ES","isPartOf":{"@id":"https:\/\/cofradiadeldesarme.com\/#website"},"breadcrumb":{"@id":"https:\/\/cofradiadeldesarme.com\/?p=1492#breadcrumblist"},"author":{"@id":"https:\/\/cofradiadeldesarme.com\/?author=1#author"},"creator":{"@id":"https:\/\/cofradiadeldesarme.com\/?author=1#author"},"image":{"@type":"ImageObject","url":1494,"@id":"https:\/\/cofradiadeldesarme.com\/?p=1492\/#mainImage"},"primaryImageOfPage":{"@id":"https:\/\/cofradiadeldesarme.com\/?p=1492#mainImage"},"datePublished":"2023-03-27T07:27:13+02:00","dateModified":"2025-05-12T18:01:16+02:00"},{"@type":"WebSite","@id":"https:\/\/cofradiadeldesarme.com\/#website","url":"https:\/\/cofradiadeldesarme.com\/","name":"El Desarme de Oviedo","description":"La Fiesta Gastron\u00f3mica m\u00e1s antigua de Espa\u00f1a","inLanguage":"es-ES","publisher":{"@id":"https:\/\/cofradiadeldesarme.com\/#organization"}}]},"og:locale":"es_ES","og:site_name":"El Desarme de Oviedo - La Fiesta Gastron\u00f3mica m\u00e1s antigua de Espa\u00f1a","og:type":"article","og:title":"VIII Gran Cap\u00edtulo de la Cofrad\u00eda de les Fabes - El Desarme de Oviedo","og:description":"VIII Gran Cap\u00edtulo de la Cofrad\u00eda Amigos de les Fabes La Cofrad\u00eda de Amigos de les Fabes del Principado de Asturias, Villaviciosa celebr\u00f3 el VIII Gran Cap\u00edtulo de la Cofrad\u00eda, como parte de las XXXIX Jornadas Gastron\u00f3micas y Culturales de les Fabes en Villaviciosa que se celebran del 21 al 26 de Marzo.","og:url":"https:\/\/cofradiadeldesarme.com\/?p=1492","og:image":"https:\/\/cofradiadeldesarme.com\/wp-content\/uploads\/2025\/04\/logo-El-Desarme-min.png","og:image:secure_url":"https:\/\/cofradiadeldesarme.com\/wp-content\/uploads\/2025\/04\/logo-El-Desarme-min.png","article:published_time":"2023-03-27T07:27:13+00:00","article:modified_time":"2025-05-12T18:01:16+00:00","twitter:card":"summary_large_image","twitter:title":"VIII Gran Cap\u00edtulo de la Cofrad\u00eda de les Fabes - El Desarme de Oviedo","twitter:description":"VIII Gran Cap\u00edtulo de la Cofrad\u00eda Amigos de les Fabes La Cofrad\u00eda de Amigos de les Fabes del Principado de Asturias, Villaviciosa celebr\u00f3 el VIII Gran Cap\u00edtulo de la Cofrad\u00eda, como parte de las XXXIX Jornadas Gastron\u00f3micas y Culturales de les Fabes en Villaviciosa que se celebran del 21 al 26 de Marzo.","twitter:image":"https:\/\/cofradiadeldesarme.com\/wp-content\/uploads\/2025\/04\/logo-El-Desarme-min.png"},"aioseo_meta_data":{"post_id":"1492","title":null,"description":null,"keywords":null,"keyphrases":null,"primary_term":null,"canonical_url":null,"og_title":null,"og_description":null,"og_object_type":"default","og_image_type":"default","og_image_url":null,"og_image_width":null,"og_image_height":null,"og_image_custom_url":null,"og_image_custom_fields":null,"og_video":null,"og_custom_url":null,"og_article_section":null,"og_article_tags":null,"twitter_use_og":false,"twitter_card":"default","twitter_image_type":"default","twitter_image_url":null,"twitter_image_custom_url":null,"twitter_image_custom_fields":null,"twitter_title":null,"twitter_description":null,"schema":{"blockGraphs":[],"customGraphs":[],"default":{"data":{"Article":[],"Course":[],"Dataset":[],"FAQPage":[],"Movie":[],"Person":[],"Product":[],"ProductReview":[],"Car":[],"Recipe":[],"Service":[],"SoftwareApplication":[],"WebPage":[]},"graphName":"","isEnabled":true},"graphs":[]},"schema_type":"default","schema_type_options":null,"pillar_content":false,"robots_default":true,"robots_noindex":false,"robots_noarchive":false,"robots_nosnippet":false,"robots_nofollow":false,"robots_noimageindex":false,"robots_noodp":false,"robots_notranslate":false,"robots_max_snippet":null,"robots_max_videopreview":null,"robots_max_imagepreview":"large","priority":null,"frequency":null,"local_seo":null,"breadcrumb_settings":null,"limit_modified_date":false,"ai":null,"created":"2025-09-04 21:23:30","updated":"2025-09-04 21:23:30","seo_analyzer_scan_date":null,"focus_keyword":null,"additional_keywords":null,"truseo_locale":null},"aioseo_breadcrumb":"<div class=\"aioseo-breadcrumbs\"><span class=\"aioseo-breadcrumb\">\n\t\t\t<a href=\"https:\/\/cofradiadeldesarme.com\" title=\"Home\">Home<\/a>\n\t\t<\/span><span class=\"aioseo-breadcrumb-separator\">&raquo;<\/span><span class=\"aioseo-breadcrumb\">\n\t\t\t<a href=\"https:\/\/cofradiadeldesarme.com\/?cat=69\" title=\"Noticias\">Noticias<\/a>\n\t\t<\/span><span class=\"aioseo-breadcrumb-separator\">&raquo;<\/span><span class=\"aioseo-breadcrumb\">\n\t\t\tVIII Gran Cap\u00edtulo de la Cofrad\u00eda de les Fabes\n\t\t<\/span><\/div>","aioseo_breadcrumb_json":[{"label":"Home","link":"https:\/\/cofradiadeldesarme.com"},{"label":"Noticias","link":"https:\/\/cofradiadeldesarme.com\/?cat=69"},{"label":"VIII Gran Cap\u00edtulo de la Cofrad\u00eda de les Fabes","link":"https:\/\/cofradiadeldesarme.com\/?p=1492"}],"acf":[],"_links":{"self":[{"href":"https:\/\/cofradiadeldesarme.com\/index.php?rest_route=\/wp\/v2\/posts\/1492","targetHints":{"allow":["GET"]}}],"collection":[{"href":"https:\/\/cofradiadeldesarme.com\/index.php?rest_route=\/wp\/v2\/posts"}],"about":[{"href":"https:\/\/cofradiadeldesarme.com\/index.php?rest_route=\/wp\/v2\/types\/post"}],"author":[{"embeddable":true,"href":"https:\/\/cofradiadeldesarme.com\/index.php?rest_route=\/wp\/v2\/users\/1"}],"replies":[{"embeddable":true,"href":"https:\/\/cofradiadeldesarme.com\/index.php?rest_route=%2Fwp%2Fv2%2Fcomments&post=1492"}],"version-history":[{"count":1,"href":"https:\/\/cofradiadeldesarme.com\/index.php?rest_route=\/wp\/v2\/posts\/1492\/revisions"}],"predecessor-version":[{"id":3232,"href":"https:\/\/cofradiadeldesarme.com\/index.php?rest_route=\/wp\/v2\/posts\/1492\/revisions\/3232"}],"wp:attachment":[{"href":"https:\/\/cofradiadeldesarme.com\/index.php?rest_route=%2Fwp%2Fv2%2Fmedia&parent=1492"}],"wp:term":[{"taxonomy":"category","embeddable":true,"href":"https:\/\/cofradiadeldesarme.com\/index.php?rest_route=%2Fwp%2Fv2%2Fcategories&post=1492"},{"taxonomy":"post_tag","embeddable":true,"href":"https:\/\/cofradiadeldesarme.com\/index.php?rest_route=%2Fwp%2Fv2%2Ftags&post=1492"}],"curies":[{"name":"wp","href":"https:\/\/api.w.org\/{rel}","templated":true}]}}