{"id":1854,"date":"2024-10-05T08:38:37","date_gmt":"2024-10-05T08:38:37","guid":{"rendered":"https:\/\/cofradiadeldesarme.com\/?p=1854"},"modified":"2025-05-12T18:01:16","modified_gmt":"2025-05-12T18:01:16","slug":"i-concurso-fotografia-de-indumentaria-de-epoca-del-siglo-xix-y-gastronomia-del-desarme","status":"publish","type":"post","link":"https:\/\/cofradiadeldesarme.com\/?p=1854","title":{"rendered":"I Concurso fotograf\u00eda de Indumentaria de \u00c9poca del siglo XIX y gastronom\u00eda del desarme"},"content":{"rendered":"\t\t<div data-elementor-type=\"wp-post\" data-elementor-id=\"1854\" class=\"elementor elementor-1854\" data-elementor-post-type=\"post\">\n\t\t\t\t<div class=\"elementor-element elementor-element-5383df33 e-flex e-con-boxed e-con e-parent\" data-id=\"5383df33\" data-element_type=\"container\" data-e-type=\"container\">\n\t\t\t\t\t<div class=\"e-con-inner\">\n\t\t\t\t<div class=\"elementor-element elementor-element-beb3064 elementor-widget elementor-widget-heading\" data-id=\"beb3064\" data-element_type=\"widget\" data-e-type=\"widget\" data-widget_type=\"heading.default\">\n\t\t\t\t\t<div class=\"elementor-heading-title elementor-size-default\">La Cofrad\u00eda del Desarme de Oviedo convoca el I Concurso fotograf\u00eda de Indumentaria de \u00e9poca del siglo XIX y Gastronom\u00eda del Desarme.<\/div>\t\t\t\t<\/div>\n\t\t\t\t<div class=\"elementor-element elementor-element-ad033e elementor-widget elementor-widget-text-editor\" data-id=\"ad033e\" data-element_type=\"widget\" data-e-type=\"widget\" data-widget_type=\"text-editor.default\">\n\t\t\t\t\t\t\t\t\t\n<p class=\"wp-block-paragraph\">Ya est\u00e1n abiertas las inscripciones para el\u00a0<strong>I Concurso de Fotograf\u00eda de Indumentaria de \u00c9poca del siglo XIX y Gastronom\u00eda del Desarme<\/strong>\u00a0que se celebrar\u00e1 del\u00a0<strong>18 al 27 de octubre<\/strong>. Para inscribirte, rellena un formulario por categor\u00eda.<\/p>\n\t\t\t\t\t\t\t\t<\/div>\n\t\t\t\t<div class=\"elementor-element elementor-element-09129cd elementor-align-center elementor-widget elementor-widget-button\" data-id=\"09129cd\" data-element_type=\"widget\" data-e-type=\"widget\" data-widget_type=\"button.default\">\n\t\t\t\t\t\t\t\t\t\t<a class=\"elementor-button elementor-button-link elementor-size-sm\" href=\"https:\/\/cofradiadeldesarme.com\/wp-content\/uploads\/2025\/04\/bases-concurso-de-fotografia-2024.pdf\">\n\t\t\t\t\t\t<span class=\"elementor-button-content-wrapper\">\n\t\t\t\t\t\t\t\t\t<span class=\"elementor-button-text\">Bases del concurso<\/span>\n\t\t\t\t\t<\/span>\n\t\t\t\t\t<\/a>\n\t\t\t\t\t\t\t\t<\/div>\n\t\t\t\t\t<\/div>\n\t\t\t\t<\/div>\n\t\t\t\t<\/div>\n\t\t","protected":false},"excerpt":{"rendered":"<p>Ya est\u00e1n abiertas las inscripciones para el I Concurso de Fotograf\u00eda de Indumentaria de \u00c9poca del siglo XIX y Gastronom\u00eda del Desarme que se celebrar\u00e1 del 18 al 27 de<br \/>\noctubre.<\/p>\n","protected":false},"author":1,"featured_media":2852,"comment_status":"closed","ping_status":"closed","sticky":false,"template":"","format":"standard","meta":{"_acf_changed":false,"footnotes":""},"categories":[72,69],"tags":[],"class_list":["post-1854","post","type-post","status-publish","format-standard","has-post-thumbnail","hentry","category-concursos","category-noticias"],"aioseo_notices":[],"aioseo_head":"\n\t\t<!-- All in One SEO 5.0.1.1 - aioseo.com -->\n\t<meta name=\"description\" content=\"Ya est\u00e1n abiertas las inscripciones para el I Concurso de Fotograf\u00eda de Indumentaria de \u00c9poca del siglo XIX y Gastronom\u00eda del Desarme que se celebrar\u00e1 del 18 al 27 de octubre.\" \/>\n\t<meta name=\"robots\" content=\"noindex, nofollow, max-image-preview:large\" \/>\n\t<meta name=\"author\" content=\"admin\"\/>\n\t<meta name=\"google-site-verification\" content=\"TeADORbnbuzbAYnSXlpdGfN9bzDT493vArWGYaN822Y\" \/>\n\t<link rel=\"canonical\" href=\"https:\/\/cofradiadeldesarme.com\/?p=1854\" \/>\n\t<meta name=\"generator\" content=\"All in One SEO (AIOSEO) 5.0.1.1\" \/>\n\t\t<meta property=\"og:locale\" content=\"es_ES\" \/>\n\t\t<meta property=\"og:site_name\" content=\"El Desarme de Oviedo - La Fiesta Gastron\u00f3mica m\u00e1s antigua de Espa\u00f1a\" \/>\n\t\t<meta property=\"og:type\" content=\"article\" \/>\n\t\t<meta property=\"og:title\" content=\"I Concurso fotograf\u00eda de Indumentaria de \u00c9poca del siglo XIX y gastronom\u00eda del desarme - El Desarme de Oviedo\" \/>\n\t\t<meta property=\"og:description\" content=\"Ya est\u00e1n abiertas las inscripciones para el I Concurso de Fotograf\u00eda de Indumentaria de \u00c9poca del siglo XIX y Gastronom\u00eda del Desarme que se celebrar\u00e1 del 18 al 27 de octubre.\" \/>\n\t\t<meta property=\"og:url\" content=\"https:\/\/cofradiadeldesarme.com\/?p=1854\" \/>\n\t\t<meta property=\"og:image\" content=\"https:\/\/cofradiadeldesarme.com\/wp-content\/uploads\/2025\/04\/logo-El-Desarme-min.png\" \/>\n\t\t<meta property=\"og:image:secure_url\" content=\"https:\/\/cofradiadeldesarme.com\/wp-content\/uploads\/2025\/04\/logo-El-Desarme-min.png\" \/>\n\t\t<meta property=\"article:published_time\" content=\"2024-10-05T08:38:37+00:00\" \/>\n\t\t<meta property=\"article:modified_time\" content=\"2025-05-12T18:01:16+00:00\" \/>\n\t\t<meta name=\"twitter:card\" content=\"summary_large_image\" \/>\n\t\t<meta name=\"twitter:title\" content=\"I Concurso fotograf\u00eda de Indumentaria de \u00c9poca del siglo XIX y gastronom\u00eda del desarme - El Desarme de Oviedo\" \/>\n\t\t<meta name=\"twitter:description\" content=\"Ya est\u00e1n abiertas las inscripciones para el I Concurso de Fotograf\u00eda de Indumentaria de \u00c9poca del siglo XIX y Gastronom\u00eda del Desarme que se celebrar\u00e1 del 18 al 27 de octubre.\" \/>\n\t\t<meta name=\"twitter:image\" content=\"https:\/\/cofradiadeldesarme.com\/wp-content\/uploads\/2025\/04\/logo-El-Desarme-min.png\" \/>\n\t\t<script type=\"application\/ld+json\" class=\"aioseo-schema\">\n\t\t\t{\"@context\":\"https:\\\/\\\/schema.org\",\"@graph\":[{\"@type\":\"BlogPosting\",\"@id\":\"https:\\\/\\\/cofradiadeldesarme.com\\\/?p=1854#blogposting\",\"name\":\"I Concurso fotograf\\u00eda de Indumentaria de \\u00c9poca del siglo XIX y gastronom\\u00eda del desarme - El Desarme de Oviedo\",\"headline\":\"I Concurso fotograf\\u00eda de Indumentaria de \\u00c9poca del siglo XIX y gastronom\\u00eda del desarme\",\"author\":{\"@id\":\"https:\\\/\\\/cofradiadeldesarme.com\\\/?author=1#author\"},\"publisher\":{\"@id\":\"https:\\\/\\\/cofradiadeldesarme.com\\\/#organization\"},\"image\":{\"@type\":\"ImageObject\",\"url\":\"https:\\\/\\\/cofradiadeldesarme.com\\\/wp-content\\\/uploads\\\/2024\\\/10\\\/i-concurso-de-fotografia.jpg\",\"width\":1560,\"height\":1170},\"datePublished\":\"2024-10-05T08:38:37+02:00\",\"dateModified\":\"2025-05-12T18:01:16+02:00\",\"inLanguage\":\"es-ES\",\"mainEntityOfPage\":{\"@id\":\"https:\\\/\\\/cofradiadeldesarme.com\\\/?p=1854#webpage\"},\"isPartOf\":{\"@id\":\"https:\\\/\\\/cofradiadeldesarme.com\\\/?p=1854#webpage\"},\"articleSection\":\"Concursos, Noticias\"},{\"@type\":\"BreadcrumbList\",\"@id\":\"https:\\\/\\\/cofradiadeldesarme.com\\\/?p=1854#breadcrumblist\",\"itemListElement\":[{\"@type\":\"ListItem\",\"@id\":\"https:\\\/\\\/cofradiadeldesarme.com#listItem\",\"position\":1,\"name\":\"Home\",\"item\":\"https:\\\/\\\/cofradiadeldesarme.com\",\"nextItem\":{\"@type\":\"ListItem\",\"@id\":\"https:\\\/\\\/cofradiadeldesarme.com\\\/?cat=69#listItem\",\"name\":\"Noticias\"}},{\"@type\":\"ListItem\",\"@id\":\"https:\\\/\\\/cofradiadeldesarme.com\\\/?cat=69#listItem\",\"position\":2,\"name\":\"Noticias\",\"item\":\"https:\\\/\\\/cofradiadeldesarme.com\\\/?cat=69\",\"nextItem\":{\"@type\":\"ListItem\",\"@id\":\"https:\\\/\\\/cofradiadeldesarme.com\\\/?p=1854#listItem\",\"name\":\"I Concurso fotograf\\u00eda de Indumentaria de \\u00c9poca del siglo XIX y gastronom\\u00eda del desarme\"},\"previousItem\":{\"@type\":\"ListItem\",\"@id\":\"https:\\\/\\\/cofradiadeldesarme.com#listItem\",\"name\":\"Home\"}},{\"@type\":\"ListItem\",\"@id\":\"https:\\\/\\\/cofradiadeldesarme.com\\\/?p=1854#listItem\",\"position\":3,\"name\":\"I Concurso fotograf\\u00eda de Indumentaria de \\u00c9poca del siglo XIX y gastronom\\u00eda del desarme\",\"previousItem\":{\"@type\":\"ListItem\",\"@id\":\"https:\\\/\\\/cofradiadeldesarme.com\\\/?cat=69#listItem\",\"name\":\"Noticias\"}}]},{\"@type\":\"Organization\",\"@id\":\"https:\\\/\\\/cofradiadeldesarme.com\\\/#organization\",\"name\":\"El Desarme de Oviedo\",\"description\":\"La Fiesta Gastron\\u00f3mica m\\u00e1s antigua de Espa\\u00f1a\",\"url\":\"https:\\\/\\\/cofradiadeldesarme.com\\\/\",\"logo\":{\"@type\":\"ImageObject\",\"url\":\"https:\\\/\\\/cofradiadeldesarme.com\\\/wp-content\\\/uploads\\\/2025\\\/04\\\/logo-El-Desarme-min.png\",\"@id\":\"https:\\\/\\\/cofradiadeldesarme.com\\\/?p=1854\\\/#organizationLogo\",\"width\":400,\"height\":190},\"image\":{\"@id\":\"https:\\\/\\\/cofradiadeldesarme.com\\\/?p=1854\\\/#organizationLogo\"}},{\"@type\":\"Person\",\"@id\":\"https:\\\/\\\/cofradiadeldesarme.com\\\/?author=1#author\",\"url\":\"https:\\\/\\\/cofradiadeldesarme.com\\\/?author=1\",\"name\":\"admin\",\"image\":{\"@type\":\"ImageObject\",\"@id\":\"https:\\\/\\\/cofradiadeldesarme.com\\\/?p=1854#authorImage\",\"url\":\"https:\\\/\\\/secure.gravatar.com\\\/avatar\\\/5b3b35fcdad2531878232d2b4e458c1ee82d583e8b6931927916a062e9e58402?s=96&d=mm&r=g\",\"width\":96,\"height\":96,\"caption\":\"admin\"}},{\"@type\":\"WebPage\",\"@id\":\"https:\\\/\\\/cofradiadeldesarme.com\\\/?p=1854#webpage\",\"url\":\"https:\\\/\\\/cofradiadeldesarme.com\\\/?p=1854\",\"name\":\"I Concurso fotograf\\u00eda de Indumentaria de \\u00c9poca del siglo XIX y gastronom\\u00eda del desarme - El Desarme de Oviedo\",\"description\":\"Ya est\\u00e1n abiertas las inscripciones para el I Concurso de Fotograf\\u00eda de Indumentaria de \\u00c9poca del siglo XIX y Gastronom\\u00eda del Desarme que se celebrar\\u00e1 del 18 al 27 de octubre.\",\"inLanguage\":\"es-ES\",\"isPartOf\":{\"@id\":\"https:\\\/\\\/cofradiadeldesarme.com\\\/#website\"},\"breadcrumb\":{\"@id\":\"https:\\\/\\\/cofradiadeldesarme.com\\\/?p=1854#breadcrumblist\"},\"author\":{\"@id\":\"https:\\\/\\\/cofradiadeldesarme.com\\\/?author=1#author\"},\"creator\":{\"@id\":\"https:\\\/\\\/cofradiadeldesarme.com\\\/?author=1#author\"},\"image\":{\"@type\":\"ImageObject\",\"url\":\"https:\\\/\\\/cofradiadeldesarme.com\\\/wp-content\\\/uploads\\\/2024\\\/10\\\/i-concurso-de-fotografia.jpg\",\"@id\":\"https:\\\/\\\/cofradiadeldesarme.com\\\/?p=1854\\\/#mainImage\",\"width\":1560,\"height\":1170},\"primaryImageOfPage\":{\"@id\":\"https:\\\/\\\/cofradiadeldesarme.com\\\/?p=1854#mainImage\"},\"datePublished\":\"2024-10-05T08:38:37+02:00\",\"dateModified\":\"2025-05-12T18:01:16+02:00\"},{\"@type\":\"WebSite\",\"@id\":\"https:\\\/\\\/cofradiadeldesarme.com\\\/#website\",\"url\":\"https:\\\/\\\/cofradiadeldesarme.com\\\/\",\"name\":\"El Desarme de Oviedo\",\"description\":\"La Fiesta Gastron\\u00f3mica m\\u00e1s antigua de Espa\\u00f1a\",\"inLanguage\":\"es-ES\",\"publisher\":{\"@id\":\"https:\\\/\\\/cofradiadeldesarme.com\\\/#organization\"}}]}\n\t\t<\/script>\n\t\t<!-- All in One SEO -->\n\n","aioseo_head_json":{"title":"I Concurso fotograf\u00eda de Indumentaria de \u00c9poca del siglo XIX y gastronom\u00eda del desarme - El Desarme de Oviedo","description":"Ya est\u00e1n abiertas las inscripciones para el I Concurso de Fotograf\u00eda de Indumentaria de \u00c9poca del siglo XIX y Gastronom\u00eda del Desarme que se celebrar\u00e1 del 18 al 27 de octubre.","canonical_url":"https:\/\/cofradiadeldesarme.com\/?p=1854","robots":"noindex, nofollow, max-image-preview:large","keywords":"","webmasterTools":{"google-site-verification":"TeADORbnbuzbAYnSXlpdGfN9bzDT493vArWGYaN822Y","miscellaneous":""},"schema":{"@context":"https:\/\/schema.org","@graph":[{"@type":"BlogPosting","@id":"https:\/\/cofradiadeldesarme.com\/?p=1854#blogposting","name":"I Concurso fotograf\u00eda de Indumentaria de \u00c9poca del siglo XIX y gastronom\u00eda del desarme - El Desarme de Oviedo","headline":"I Concurso fotograf\u00eda de Indumentaria de \u00c9poca del siglo XIX y gastronom\u00eda del desarme","author":{"@id":"https:\/\/cofradiadeldesarme.com\/?author=1#author"},"publisher":{"@id":"https:\/\/cofradiadeldesarme.com\/#organization"},"image":{"@type":"ImageObject","url":"https:\/\/cofradiadeldesarme.com\/wp-content\/uploads\/2024\/10\/i-concurso-de-fotografia.jpg","width":1560,"height":1170},"datePublished":"2024-10-05T08:38:37+02:00","dateModified":"2025-05-12T18:01:16+02:00","inLanguage":"es-ES","mainEntityOfPage":{"@id":"https:\/\/cofradiadeldesarme.com\/?p=1854#webpage"},"isPartOf":{"@id":"https:\/\/cofradiadeldesarme.com\/?p=1854#webpage"},"articleSection":"Concursos, Noticias"},{"@type":"BreadcrumbList","@id":"https:\/\/cofradiadeldesarme.com\/?p=1854#breadcrumblist","itemListElement":[{"@type":"ListItem","@id":"https:\/\/cofradiadeldesarme.com#listItem","position":1,"name":"Home","item":"https:\/\/cofradiadeldesarme.com","nextItem":{"@type":"ListItem","@id":"https:\/\/cofradiadeldesarme.com\/?cat=69#listItem","name":"Noticias"}},{"@type":"ListItem","@id":"https:\/\/cofradiadeldesarme.com\/?cat=69#listItem","position":2,"name":"Noticias","item":"https:\/\/cofradiadeldesarme.com\/?cat=69","nextItem":{"@type":"ListItem","@id":"https:\/\/cofradiadeldesarme.com\/?p=1854#listItem","name":"I Concurso fotograf\u00eda de Indumentaria de \u00c9poca del siglo XIX y gastronom\u00eda del desarme"},"previousItem":{"@type":"ListItem","@id":"https:\/\/cofradiadeldesarme.com#listItem","name":"Home"}},{"@type":"ListItem","@id":"https:\/\/cofradiadeldesarme.com\/?p=1854#listItem","position":3,"name":"I Concurso fotograf\u00eda de Indumentaria de \u00c9poca del siglo XIX y gastronom\u00eda del desarme","previousItem":{"@type":"ListItem","@id":"https:\/\/cofradiadeldesarme.com\/?cat=69#listItem","name":"Noticias"}}]},{"@type":"Organization","@id":"https:\/\/cofradiadeldesarme.com\/#organization","name":"El Desarme de Oviedo","description":"La Fiesta Gastron\u00f3mica m\u00e1s antigua de Espa\u00f1a","url":"https:\/\/cofradiadeldesarme.com\/","logo":{"@type":"ImageObject","url":"https:\/\/cofradiadeldesarme.com\/wp-content\/uploads\/2025\/04\/logo-El-Desarme-min.png","@id":"https:\/\/cofradiadeldesarme.com\/?p=1854\/#organizationLogo","width":400,"height":190},"image":{"@id":"https:\/\/cofradiadeldesarme.com\/?p=1854\/#organizationLogo"}},{"@type":"Person","@id":"https:\/\/cofradiadeldesarme.com\/?author=1#author","url":"https:\/\/cofradiadeldesarme.com\/?author=1","name":"admin","image":{"@type":"ImageObject","@id":"https:\/\/cofradiadeldesarme.com\/?p=1854#authorImage","url":"https:\/\/secure.gravatar.com\/avatar\/5b3b35fcdad2531878232d2b4e458c1ee82d583e8b6931927916a062e9e58402?s=96&d=mm&r=g","width":96,"height":96,"caption":"admin"}},{"@type":"WebPage","@id":"https:\/\/cofradiadeldesarme.com\/?p=1854#webpage","url":"https:\/\/cofradiadeldesarme.com\/?p=1854","name":"I Concurso fotograf\u00eda de Indumentaria de \u00c9poca del siglo XIX y gastronom\u00eda del desarme - El Desarme de Oviedo","description":"Ya est\u00e1n abiertas las inscripciones para el I Concurso de Fotograf\u00eda de Indumentaria de \u00c9poca del siglo XIX y Gastronom\u00eda del Desarme que se celebrar\u00e1 del 18 al 27 de octubre.","inLanguage":"es-ES","isPartOf":{"@id":"https:\/\/cofradiadeldesarme.com\/#website"},"breadcrumb":{"@id":"https:\/\/cofradiadeldesarme.com\/?p=1854#breadcrumblist"},"author":{"@id":"https:\/\/cofradiadeldesarme.com\/?author=1#author"},"creator":{"@id":"https:\/\/cofradiadeldesarme.com\/?author=1#author"},"image":{"@type":"ImageObject","url":"https:\/\/cofradiadeldesarme.com\/wp-content\/uploads\/2024\/10\/i-concurso-de-fotografia.jpg","@id":"https:\/\/cofradiadeldesarme.com\/?p=1854\/#mainImage","width":1560,"height":1170},"primaryImageOfPage":{"@id":"https:\/\/cofradiadeldesarme.com\/?p=1854#mainImage"},"datePublished":"2024-10-05T08:38:37+02:00","dateModified":"2025-05-12T18:01:16+02:00"},{"@type":"WebSite","@id":"https:\/\/cofradiadeldesarme.com\/#website","url":"https:\/\/cofradiadeldesarme.com\/","name":"El Desarme de Oviedo","description":"La Fiesta Gastron\u00f3mica m\u00e1s antigua de Espa\u00f1a","inLanguage":"es-ES","publisher":{"@id":"https:\/\/cofradiadeldesarme.com\/#organization"}}]},"og:locale":"es_ES","og:site_name":"El Desarme de Oviedo - La Fiesta Gastron\u00f3mica m\u00e1s antigua de Espa\u00f1a","og:type":"article","og:title":"I Concurso fotograf\u00eda de Indumentaria de \u00c9poca del siglo XIX y gastronom\u00eda del desarme - El Desarme de Oviedo","og:description":"Ya est\u00e1n abiertas las inscripciones para el I Concurso de Fotograf\u00eda de Indumentaria de \u00c9poca del siglo XIX y Gastronom\u00eda del Desarme que se celebrar\u00e1 del 18 al 27 de octubre.","og:url":"https:\/\/cofradiadeldesarme.com\/?p=1854","og:image":"https:\/\/cofradiadeldesarme.com\/wp-content\/uploads\/2025\/04\/logo-El-Desarme-min.png","og:image:secure_url":"https:\/\/cofradiadeldesarme.com\/wp-content\/uploads\/2025\/04\/logo-El-Desarme-min.png","article:published_time":"2024-10-05T08:38:37+00:00","article:modified_time":"2025-05-12T18:01:16+00:00","twitter:card":"summary_large_image","twitter:title":"I Concurso fotograf\u00eda de Indumentaria de \u00c9poca del siglo XIX y gastronom\u00eda del desarme - El Desarme de Oviedo","twitter:description":"Ya est\u00e1n abiertas las inscripciones para el I Concurso de Fotograf\u00eda de Indumentaria de \u00c9poca del siglo XIX y Gastronom\u00eda del Desarme que se celebrar\u00e1 del 18 al 27 de octubre.","twitter:image":"https:\/\/cofradiadeldesarme.com\/wp-content\/uploads\/2025\/04\/logo-El-Desarme-min.png"},"aioseo_meta_data":{"post_id":"1854","title":null,"description":null,"keywords":null,"keyphrases":null,"primary_term":null,"canonical_url":null,"og_title":null,"og_description":null,"og_object_type":"default","og_image_type":"default","og_image_url":null,"og_image_width":null,"og_image_height":null,"og_image_custom_url":null,"og_image_custom_fields":null,"og_video":null,"og_custom_url":null,"og_article_section":null,"og_article_tags":null,"twitter_use_og":false,"twitter_card":"default","twitter_image_type":"default","twitter_image_url":null,"twitter_image_custom_url":null,"twitter_image_custom_fields":null,"twitter_title":null,"twitter_description":null,"schema":{"blockGraphs":[],"customGraphs":[],"default":{"data":{"Article":[],"Course":[],"Dataset":[],"FAQPage":[],"Movie":[],"Person":[],"Product":[],"ProductReview":[],"Car":[],"Recipe":[],"Service":[],"SoftwareApplication":[],"WebPage":[]},"graphName":"","isEnabled":true},"graphs":[]},"schema_type":"default","schema_type_options":null,"pillar_content":false,"robots_default":true,"robots_noindex":false,"robots_noarchive":false,"robots_nosnippet":false,"robots_nofollow":false,"robots_noimageindex":false,"robots_noodp":false,"robots_notranslate":false,"robots_max_snippet":null,"robots_max_videopreview":null,"robots_max_imagepreview":"large","priority":null,"frequency":null,"local_seo":null,"breadcrumb_settings":null,"limit_modified_date":false,"ai":null,"created":"2025-09-04 21:27:33","updated":"2025-09-04 21:27:33","seo_analyzer_scan_date":null,"focus_keyword":null,"additional_keywords":null,"truseo_locale":null},"aioseo_breadcrumb":"<div class=\"aioseo-breadcrumbs\"><span class=\"aioseo-breadcrumb\">\n\t\t\t<a href=\"https:\/\/cofradiadeldesarme.com\" title=\"Home\">Home<\/a>\n\t\t<\/span><span class=\"aioseo-breadcrumb-separator\">&raquo;<\/span><span class=\"aioseo-breadcrumb\">\n\t\t\t<a href=\"https:\/\/cofradiadeldesarme.com\/?cat=69\" title=\"Noticias\">Noticias<\/a>\n\t\t<\/span><span class=\"aioseo-breadcrumb-separator\">&raquo;<\/span><span class=\"aioseo-breadcrumb\">\n\t\t\tI Concurso fotograf\u00eda de Indumentaria de \u00c9poca del siglo XIX y gastronom\u00eda del desarme\n\t\t<\/span><\/div>","aioseo_breadcrumb_json":[{"label":"Home","link":"https:\/\/cofradiadeldesarme.com"},{"label":"Noticias","link":"https:\/\/cofradiadeldesarme.com\/?cat=69"},{"label":"I Concurso fotograf\u00eda de Indumentaria de \u00c9poca del siglo XIX y gastronom\u00eda del desarme","link":"https:\/\/cofradiadeldesarme.com\/?p=1854"}],"acf":[],"_links":{"self":[{"href":"https:\/\/cofradiadeldesarme.com\/index.php?rest_route=\/wp\/v2\/posts\/1854","targetHints":{"allow":["GET"]}}],"collection":[{"href":"https:\/\/cofradiadeldesarme.com\/index.php?rest_route=\/wp\/v2\/posts"}],"about":[{"href":"https:\/\/cofradiadeldesarme.com\/index.php?rest_route=\/wp\/v2\/types\/post"}],"author":[{"embeddable":true,"href":"https:\/\/cofradiadeldesarme.com\/index.php?rest_route=\/wp\/v2\/users\/1"}],"replies":[{"embeddable":true,"href":"https:\/\/cofradiadeldesarme.com\/index.php?rest_route=%2Fwp%2Fv2%2Fcomments&post=1854"}],"version-history":[{"count":3,"href":"https:\/\/cofradiadeldesarme.com\/index.php?rest_route=\/wp\/v2\/posts\/1854\/revisions"}],"predecessor-version":[{"id":2851,"href":"https:\/\/cofradiadeldesarme.com\/index.php?rest_route=\/wp\/v2\/posts\/1854\/revisions\/2851"}],"wp:featuredmedia":[{"embeddable":true,"href":"https:\/\/cofradiadeldesarme.com\/index.php?rest_route=\/wp\/v2\/media\/2852"}],"wp:attachment":[{"href":"https:\/\/cofradiadeldesarme.com\/index.php?rest_route=%2Fwp%2Fv2%2Fmedia&parent=1854"}],"wp:term":[{"taxonomy":"category","embeddable":true,"href":"https:\/\/cofradiadeldesarme.com\/index.php?rest_route=%2Fwp%2Fv2%2Fcategories&post=1854"},{"taxonomy":"post_tag","embeddable":true,"href":"https:\/\/cofradiadeldesarme.com\/index.php?rest_route=%2Fwp%2Fv2%2Ftags&post=1854"}],"curies":[{"name":"wp","href":"https:\/\/api.w.org\/{rel}","templated":true}]}}