{"id":2947,"date":"2025-04-12T08:51:22","date_gmt":"2025-04-12T08:51:22","guid":{"rendered":"https:\/\/cofradiadeldesarme.com\/?p=2947"},"modified":"2025-05-12T18:01:16","modified_gmt":"2025-05-12T18:01:16","slug":"el-desarme-a-por-la-fiesta-de-interes-turistico-nacional","status":"publish","type":"post","link":"https:\/\/cofradiadeldesarme.com\/?p=2947","title":{"rendered":"El Desarme, a por la Fiesta de Inter\u00e9s Tur\u00edstico Nacional"},"content":{"rendered":"\t\t<div data-elementor-type=\"wp-post\" data-elementor-id=\"2947\" class=\"elementor elementor-2947\" data-elementor-post-type=\"post\">\n\t\t\t\t<div class=\"elementor-element elementor-element-701e432 e-flex e-con-boxed e-con e-parent\" data-id=\"701e432\" data-element_type=\"container\" data-e-type=\"container\">\n\t\t\t\t\t<div class=\"e-con-inner\">\n\t\t\t\t<div class=\"elementor-element elementor-element-8109124 elementor-widget elementor-widget-text-editor\" data-id=\"8109124\" data-element_type=\"widget\" data-e-type=\"widget\" data-widget_type=\"text-editor.default\">\n\t\t\t\t\t\t\t\t\t<p>La Fiesta del Desarme de Oviedo, con ra\u00edces que se remontan a 1836, es mucho m\u00e1s que una simple celebraci\u00f3n gastron\u00f3mica: es un tesoro cultural e hist\u00f3rico. Esta festividad \u00fanica, que marca el fin de las guerras carlistas, ha evolucionado hasta convertirse en un vibrante fen\u00f3meno de 10 d\u00edas que dinamiza Oviedo con gastronom\u00eda, cultura y una profunda convivencia social.<\/p><p>Aunque ya ostenta el reconocimiento como Fiesta de Inter\u00e9s Tur\u00edstico Regional, la Fiesta del Desarme merece el distintivo nacional. Esta declaraci\u00f3n no solo reconocer\u00eda su inmenso valor, sino que impulsar\u00eda el turismo y la econom\u00eda local, atrayendo a visitantes de toda Espa\u00f1a.<\/p><p>Tu firma es clave. \u00danete a este movimiento y apoya la petici\u00f3n para que la Fiesta del Desarme de Oviedo obtenga el reconocimiento nacional que merece. \u00a1Haz la diferencia y firma ahora!<\/p>\t\t\t\t\t\t\t\t<\/div>\n\t\t\t\t<div class=\"elementor-element elementor-element-a85d054 elementor-widget elementor-widget-image\" data-id=\"a85d054\" data-element_type=\"widget\" data-e-type=\"widget\" data-widget_type=\"image.default\">\n\t\t\t\t\t\t\t\t\t\t\t\t\t\t\t<img fetchpriority=\"high\" decoding=\"async\" width=\"1024\" height=\"1024\" src=\"https:\/\/cofradiadeldesarme.com\/wp-content\/uploads\/2025\/04\/codigo-qr-de-la-peticion.png\" class=\"attachment-full size-full wp-image-2959\" alt=\"\" srcset=\"https:\/\/cofradiadeldesarme.com\/wp-content\/uploads\/2025\/04\/codigo-qr-de-la-peticion.png 1024w, https:\/\/cofradiadeldesarme.com\/wp-content\/uploads\/2025\/04\/codigo-qr-de-la-peticion-300x300.png 300w, https:\/\/cofradiadeldesarme.com\/wp-content\/uploads\/2025\/04\/codigo-qr-de-la-peticion-150x150.png 150w, https:\/\/cofradiadeldesarme.com\/wp-content\/uploads\/2025\/04\/codigo-qr-de-la-peticion-768x768.png 768w, https:\/\/cofradiadeldesarme.com\/wp-content\/uploads\/2025\/04\/codigo-qr-de-la-peticion-370x370.png 370w, https:\/\/cofradiadeldesarme.com\/wp-content\/uploads\/2025\/04\/codigo-qr-de-la-peticion-115x115.png 115w, https:\/\/cofradiadeldesarme.com\/wp-content\/uploads\/2025\/04\/codigo-qr-de-la-peticion-1010x1010.png 1010w, https:\/\/cofradiadeldesarme.com\/wp-content\/uploads\/2025\/04\/codigo-qr-de-la-peticion-470x470.png 470w, https:\/\/cofradiadeldesarme.com\/wp-content\/uploads\/2025\/04\/codigo-qr-de-la-peticion-500x500.png 500w, https:\/\/cofradiadeldesarme.com\/wp-content\/uploads\/2025\/04\/codigo-qr-de-la-peticion-700x700.png 700w\" sizes=\"(max-width: 1024px) 100vw, 1024px\" \/>\t\t\t\t\t\t\t\t\t\t\t\t\t\t\t<\/div>\n\t\t\t\t<div class=\"elementor-element elementor-element-95aa44d elementor-align-center elementor-widget elementor-widget-button\" data-id=\"95aa44d\" data-element_type=\"widget\" data-e-type=\"widget\" data-widget_type=\"button.default\">\n\t\t\t\t\t\t\t\t\t\t<a class=\"elementor-button elementor-button-link elementor-size-sm\" href=\"https:\/\/chng.it\/QxGwDMZphK\">\n\t\t\t\t\t\t<span class=\"elementor-button-content-wrapper\">\n\t\t\t\t\t\t\t\t\t<span class=\"elementor-button-text\">Firmar la petici\u00f3n<\/span>\n\t\t\t\t\t<\/span>\n\t\t\t\t\t<\/a>\n\t\t\t\t\t\t\t\t<\/div>\n\t\t\t\t<div class=\"elementor-element elementor-element-6974b9c elementor-widget elementor-widget-gallery\" data-id=\"6974b9c\" data-element_type=\"widget\" data-e-type=\"widget\" data-settings=\"{&quot;lazyload&quot;:&quot;yes&quot;,&quot;gallery_layout&quot;:&quot;grid&quot;,&quot;columns&quot;:4,&quot;columns_tablet&quot;:2,&quot;columns_mobile&quot;:1,&quot;gap&quot;:{&quot;unit&quot;:&quot;px&quot;,&quot;size&quot;:10,&quot;sizes&quot;:[]},&quot;gap_tablet&quot;:{&quot;unit&quot;:&quot;px&quot;,&quot;size&quot;:10,&quot;sizes&quot;:[]},&quot;gap_mobile&quot;:{&quot;unit&quot;:&quot;px&quot;,&quot;size&quot;:10,&quot;sizes&quot;:[]},&quot;link_to&quot;:&quot;file&quot;,&quot;aspect_ratio&quot;:&quot;3:2&quot;,&quot;overlay_background&quot;:&quot;yes&quot;,&quot;content_hover_animation&quot;:&quot;fade-in&quot;}\" data-widget_type=\"gallery.default\">\n\t\t\t\t\t\t\t<div class=\"elementor-gallery__container\">\n\t\t\t\t\t\t\t<a class=\"e-gallery-item elementor-gallery-item elementor-animated-content\" href=\"https:\/\/cofradiadeldesarme.com\/wp-content\/uploads\/2025\/04\/08.jpg\" data-elementor-open-lightbox=\"yes\" data-elementor-lightbox-slideshow=\"6974b9c\" data-elementor-lightbox-title=\"08\" data-e-action-hash=\"#elementor-action%3Aaction%3Dlightbox%26settings%3DeyJpZCI6Mjk1NSwidXJsIjoiaHR0cHM6XC9cL2NvZnJhZGlhZGVsZGVzYXJtZS5jb21cL3dwLWNvbnRlbnRcL3VwbG9hZHNcLzIwMjVcLzA0XC8wOC5qcGciLCJzbGlkZXNob3ciOiI2OTc0YjljIn0%3D\">\n\t\t\t\t\t<div class=\"e-gallery-image elementor-gallery-item__image\" data-thumbnail=\"https:\/\/cofradiadeldesarme.com\/wp-content\/uploads\/2025\/04\/08-300x225.jpg\" data-width=\"300\" data-height=\"225\" aria-label=\"\" role=\"img\" ><\/div>\n\t\t\t\t\t\t\t\t\t\t\t<div class=\"elementor-gallery-item__overlay\"><\/div>\n\t\t\t\t\t\t\t\t\t\t\t\t\t\t<\/a>\n\t\t\t\t\t\t\t<a class=\"e-gallery-item elementor-gallery-item elementor-animated-content\" href=\"https:\/\/cofradiadeldesarme.com\/wp-content\/uploads\/2025\/04\/07.jpg\" data-elementor-open-lightbox=\"yes\" data-elementor-lightbox-slideshow=\"6974b9c\" data-elementor-lightbox-title=\"07\" data-e-action-hash=\"#elementor-action%3Aaction%3Dlightbox%26settings%3DeyJpZCI6Mjk1NCwidXJsIjoiaHR0cHM6XC9cL2NvZnJhZGlhZGVsZGVzYXJtZS5jb21cL3dwLWNvbnRlbnRcL3VwbG9hZHNcLzIwMjVcLzA0XC8wNy5qcGciLCJzbGlkZXNob3ciOiI2OTc0YjljIn0%3D\">\n\t\t\t\t\t<div class=\"e-gallery-image elementor-gallery-item__image\" data-thumbnail=\"https:\/\/cofradiadeldesarme.com\/wp-content\/uploads\/2025\/04\/07-300x225.jpg\" data-width=\"300\" data-height=\"225\" aria-label=\"\" role=\"img\" ><\/div>\n\t\t\t\t\t\t\t\t\t\t\t<div class=\"elementor-gallery-item__overlay\"><\/div>\n\t\t\t\t\t\t\t\t\t\t\t\t\t\t<\/a>\n\t\t\t\t\t\t\t<a class=\"e-gallery-item elementor-gallery-item elementor-animated-content\" href=\"https:\/\/cofradiadeldesarme.com\/wp-content\/uploads\/2025\/04\/06.jpg\" data-elementor-open-lightbox=\"yes\" data-elementor-lightbox-slideshow=\"6974b9c\" data-elementor-lightbox-title=\"06\" data-e-action-hash=\"#elementor-action%3Aaction%3Dlightbox%26settings%3DeyJpZCI6Mjk1MywidXJsIjoiaHR0cHM6XC9cL2NvZnJhZGlhZGVsZGVzYXJtZS5jb21cL3dwLWNvbnRlbnRcL3VwbG9hZHNcLzIwMjVcLzA0XC8wNi5qcGciLCJzbGlkZXNob3ciOiI2OTc0YjljIn0%3D\">\n\t\t\t\t\t<div class=\"e-gallery-image elementor-gallery-item__image\" data-thumbnail=\"https:\/\/cofradiadeldesarme.com\/wp-content\/uploads\/2025\/04\/06-300x225.jpg\" data-width=\"300\" data-height=\"225\" aria-label=\"\" role=\"img\" ><\/div>\n\t\t\t\t\t\t\t\t\t\t\t<div class=\"elementor-gallery-item__overlay\"><\/div>\n\t\t\t\t\t\t\t\t\t\t\t\t\t\t<\/a>\n\t\t\t\t\t\t\t<a class=\"e-gallery-item elementor-gallery-item elementor-animated-content\" href=\"https:\/\/cofradiadeldesarme.com\/wp-content\/uploads\/2025\/04\/05.jpg\" data-elementor-open-lightbox=\"yes\" data-elementor-lightbox-slideshow=\"6974b9c\" data-elementor-lightbox-title=\"05\" data-e-action-hash=\"#elementor-action%3Aaction%3Dlightbox%26settings%3DeyJpZCI6Mjk1MiwidXJsIjoiaHR0cHM6XC9cL2NvZnJhZGlhZGVsZGVzYXJtZS5jb21cL3dwLWNvbnRlbnRcL3VwbG9hZHNcLzIwMjVcLzA0XC8wNS5qcGciLCJzbGlkZXNob3ciOiI2OTc0YjljIn0%3D\">\n\t\t\t\t\t<div class=\"e-gallery-image elementor-gallery-item__image\" data-thumbnail=\"https:\/\/cofradiadeldesarme.com\/wp-content\/uploads\/2025\/04\/05-300x225.jpg\" data-width=\"300\" data-height=\"225\" aria-label=\"\" role=\"img\" ><\/div>\n\t\t\t\t\t\t\t\t\t\t\t<div class=\"elementor-gallery-item__overlay\"><\/div>\n\t\t\t\t\t\t\t\t\t\t\t\t\t\t<\/a>\n\t\t\t\t\t\t\t<a class=\"e-gallery-item elementor-gallery-item elementor-animated-content\" href=\"https:\/\/cofradiadeldesarme.com\/wp-content\/uploads\/2025\/04\/04.jpg\" data-elementor-open-lightbox=\"yes\" data-elementor-lightbox-slideshow=\"6974b9c\" data-elementor-lightbox-title=\"04\" data-e-action-hash=\"#elementor-action%3Aaction%3Dlightbox%26settings%3DeyJpZCI6Mjk1MSwidXJsIjoiaHR0cHM6XC9cL2NvZnJhZGlhZGVsZGVzYXJtZS5jb21cL3dwLWNvbnRlbnRcL3VwbG9hZHNcLzIwMjVcLzA0XC8wNC5qcGciLCJzbGlkZXNob3ciOiI2OTc0YjljIn0%3D\">\n\t\t\t\t\t<div class=\"e-gallery-image elementor-gallery-item__image\" data-thumbnail=\"https:\/\/cofradiadeldesarme.com\/wp-content\/uploads\/2025\/04\/04-300x225.jpg\" data-width=\"300\" data-height=\"225\" aria-label=\"\" role=\"img\" ><\/div>\n\t\t\t\t\t\t\t\t\t\t\t<div class=\"elementor-gallery-item__overlay\"><\/div>\n\t\t\t\t\t\t\t\t\t\t\t\t\t\t<\/a>\n\t\t\t\t\t\t\t<a class=\"e-gallery-item elementor-gallery-item elementor-animated-content\" href=\"https:\/\/cofradiadeldesarme.com\/wp-content\/uploads\/2025\/04\/03.jpg\" data-elementor-open-lightbox=\"yes\" data-elementor-lightbox-slideshow=\"6974b9c\" data-elementor-lightbox-title=\"03\" data-e-action-hash=\"#elementor-action%3Aaction%3Dlightbox%26settings%3DeyJpZCI6Mjk1MCwidXJsIjoiaHR0cHM6XC9cL2NvZnJhZGlhZGVsZGVzYXJtZS5jb21cL3dwLWNvbnRlbnRcL3VwbG9hZHNcLzIwMjVcLzA0XC8wMy5qcGciLCJzbGlkZXNob3ciOiI2OTc0YjljIn0%3D\">\n\t\t\t\t\t<div class=\"e-gallery-image elementor-gallery-item__image\" data-thumbnail=\"https:\/\/cofradiadeldesarme.com\/wp-content\/uploads\/2025\/04\/03-300x225.jpg\" data-width=\"300\" data-height=\"225\" aria-label=\"\" role=\"img\" ><\/div>\n\t\t\t\t\t\t\t\t\t\t\t<div class=\"elementor-gallery-item__overlay\"><\/div>\n\t\t\t\t\t\t\t\t\t\t\t\t\t\t<\/a>\n\t\t\t\t\t\t\t<a class=\"e-gallery-item elementor-gallery-item elementor-animated-content\" href=\"https:\/\/cofradiadeldesarme.com\/wp-content\/uploads\/2025\/04\/02.jpg\" data-elementor-open-lightbox=\"yes\" data-elementor-lightbox-slideshow=\"6974b9c\" data-elementor-lightbox-title=\"02\" data-e-action-hash=\"#elementor-action%3Aaction%3Dlightbox%26settings%3DeyJpZCI6Mjk0OSwidXJsIjoiaHR0cHM6XC9cL2NvZnJhZGlhZGVsZGVzYXJtZS5jb21cL3dwLWNvbnRlbnRcL3VwbG9hZHNcLzIwMjVcLzA0XC8wMi5qcGciLCJzbGlkZXNob3ciOiI2OTc0YjljIn0%3D\">\n\t\t\t\t\t<div class=\"e-gallery-image elementor-gallery-item__image\" data-thumbnail=\"https:\/\/cofradiadeldesarme.com\/wp-content\/uploads\/2025\/04\/02-300x225.jpg\" data-width=\"300\" data-height=\"225\" aria-label=\"\" role=\"img\" ><\/div>\n\t\t\t\t\t\t\t\t\t\t\t<div class=\"elementor-gallery-item__overlay\"><\/div>\n\t\t\t\t\t\t\t\t\t\t\t\t\t\t<\/a>\n\t\t\t\t\t\t\t<a class=\"e-gallery-item elementor-gallery-item elementor-animated-content\" href=\"https:\/\/cofradiadeldesarme.com\/wp-content\/uploads\/2025\/04\/01.jpg\" data-elementor-open-lightbox=\"yes\" data-elementor-lightbox-slideshow=\"6974b9c\" data-elementor-lightbox-title=\"01\" data-e-action-hash=\"#elementor-action%3Aaction%3Dlightbox%26settings%3DeyJpZCI6Mjk0OCwidXJsIjoiaHR0cHM6XC9cL2NvZnJhZGlhZGVsZGVzYXJtZS5jb21cL3dwLWNvbnRlbnRcL3VwbG9hZHNcLzIwMjVcLzA0XC8wMS5qcGciLCJzbGlkZXNob3ciOiI2OTc0YjljIn0%3D\">\n\t\t\t\t\t<div class=\"e-gallery-image elementor-gallery-item__image\" data-thumbnail=\"https:\/\/cofradiadeldesarme.com\/wp-content\/uploads\/2025\/04\/01-300x225.jpg\" data-width=\"300\" data-height=\"225\" aria-label=\"\" role=\"img\" ><\/div>\n\t\t\t\t\t\t\t\t\t\t\t<div class=\"elementor-gallery-item__overlay\"><\/div>\n\t\t\t\t\t\t\t\t\t\t\t\t\t\t<\/a>\n\t\t\t\t\t<\/div>\n\t\t\t\t\t<\/div>\n\t\t\t\t\t<\/div>\n\t\t\t\t<\/div>\n\t\t\t\t<\/div>\n\t\t","protected":false},"excerpt":{"rendered":"<p>La Fiesta del Desarme de Oviedo, con ra\u00edces que se remontan a 1836, es mucho m\u00e1s que una simple celebraci\u00f3n gastron\u00f3mica: es un tesoro cultural e hist\u00f3rico. Esta festividad \u00fanica, que marca el fin de las guerras carlistas,&hellip;<\/p>\n","protected":false},"author":1,"featured_media":2955,"comment_status":"closed","ping_status":"closed","sticky":false,"template":"","format":"standard","meta":{"_acf_changed":false,"footnotes":""},"categories":[70,98,69,90],"tags":[],"class_list":["post-2947","post","type-post","status-publish","format-standard","has-post-thumbnail","hentry","category-historia","category-la-fiesta","category-noticias","category-nuestra-cofradia"],"aioseo_notices":[],"aioseo_head":"\n\t\t<!-- All in One SEO 5.0.1.1 - aioseo.com -->\n\t<meta name=\"description\" content=\"La Fiesta del Desarme de Oviedo, con ra\u00edces que se remontan a 1836, es mucho m\u00e1s que una simple celebraci\u00f3n gastron\u00f3mica: es un tesoro cultural e hist\u00f3rico. Esta festividad \u00fanica, que marca el fin de las guerras carlistas, ha evolucionado hasta convertirse en un vibrante fen\u00f3meno de 10 d\u00edas que dinamiza Oviedo con gastronom\u00eda, cultura\" \/>\n\t<meta name=\"robots\" content=\"noindex, nofollow, max-image-preview:large\" \/>\n\t<meta name=\"author\" content=\"admin\"\/>\n\t<meta name=\"google-site-verification\" content=\"TeADORbnbuzbAYnSXlpdGfN9bzDT493vArWGYaN822Y\" \/>\n\t<link rel=\"canonical\" href=\"https:\/\/cofradiadeldesarme.com\/?p=2947\" \/>\n\t<meta name=\"generator\" content=\"All in One SEO (AIOSEO) 5.0.1.1\" \/>\n\t\t<meta property=\"og:locale\" content=\"es_ES\" \/>\n\t\t<meta property=\"og:site_name\" content=\"El Desarme de Oviedo - La Fiesta Gastron\u00f3mica m\u00e1s antigua de Espa\u00f1a\" \/>\n\t\t<meta property=\"og:type\" content=\"article\" \/>\n\t\t<meta property=\"og:title\" content=\"El Desarme, a por la Fiesta de Inter\u00e9s Tur\u00edstico Nacional - El Desarme de Oviedo\" \/>\n\t\t<meta property=\"og:description\" content=\"La Fiesta del Desarme de Oviedo, con ra\u00edces que se remontan a 1836, es mucho m\u00e1s que una simple celebraci\u00f3n gastron\u00f3mica: es un tesoro cultural e hist\u00f3rico. Esta festividad \u00fanica, que marca el fin de las guerras carlistas, ha evolucionado hasta convertirse en un vibrante fen\u00f3meno de 10 d\u00edas que dinamiza Oviedo con gastronom\u00eda, cultura\" \/>\n\t\t<meta property=\"og:url\" content=\"https:\/\/cofradiadeldesarme.com\/?p=2947\" \/>\n\t\t<meta property=\"og:image\" content=\"https:\/\/cofradiadeldesarme.com\/wp-content\/uploads\/2025\/04\/logo-El-Desarme-min.png\" \/>\n\t\t<meta property=\"og:image:secure_url\" content=\"https:\/\/cofradiadeldesarme.com\/wp-content\/uploads\/2025\/04\/logo-El-Desarme-min.png\" \/>\n\t\t<meta property=\"article:published_time\" content=\"2025-04-12T08:51:22+00:00\" \/>\n\t\t<meta property=\"article:modified_time\" content=\"2025-05-12T18:01:16+00:00\" \/>\n\t\t<meta name=\"twitter:card\" content=\"summary_large_image\" \/>\n\t\t<meta name=\"twitter:title\" content=\"El Desarme, a por la Fiesta de Inter\u00e9s Tur\u00edstico Nacional - El Desarme de Oviedo\" \/>\n\t\t<meta name=\"twitter:description\" content=\"La Fiesta del Desarme de Oviedo, con ra\u00edces que se remontan a 1836, es mucho m\u00e1s que una simple celebraci\u00f3n gastron\u00f3mica: es un tesoro cultural e hist\u00f3rico. Esta festividad \u00fanica, que marca el fin de las guerras carlistas, ha evolucionado hasta convertirse en un vibrante fen\u00f3meno de 10 d\u00edas que dinamiza Oviedo con gastronom\u00eda, cultura\" \/>\n\t\t<meta name=\"twitter:image\" content=\"https:\/\/cofradiadeldesarme.com\/wp-content\/uploads\/2025\/04\/logo-El-Desarme-min.png\" \/>\n\t\t<script type=\"application\/ld+json\" class=\"aioseo-schema\">\n\t\t\t{\"@context\":\"https:\\\/\\\/schema.org\",\"@graph\":[{\"@type\":\"BlogPosting\",\"@id\":\"https:\\\/\\\/cofradiadeldesarme.com\\\/?p=2947#blogposting\",\"name\":\"El Desarme, a por la Fiesta de Inter\\u00e9s Tur\\u00edstico Nacional - El Desarme de Oviedo\",\"headline\":\"El Desarme, a por la Fiesta de Inter\\u00e9s Tur\\u00edstico Nacional\",\"author\":{\"@id\":\"https:\\\/\\\/cofradiadeldesarme.com\\\/?author=1#author\"},\"publisher\":{\"@id\":\"https:\\\/\\\/cofradiadeldesarme.com\\\/#organization\"},\"image\":{\"@type\":\"ImageObject\",\"url\":\"https:\\\/\\\/cofradiadeldesarme.com\\\/wp-content\\\/uploads\\\/2025\\\/04\\\/08.jpg\",\"width\":1600,\"height\":1198},\"datePublished\":\"2025-04-12T08:51:22+02:00\",\"dateModified\":\"2025-05-12T18:01:16+02:00\",\"inLanguage\":\"es-ES\",\"mainEntityOfPage\":{\"@id\":\"https:\\\/\\\/cofradiadeldesarme.com\\\/?p=2947#webpage\"},\"isPartOf\":{\"@id\":\"https:\\\/\\\/cofradiadeldesarme.com\\\/?p=2947#webpage\"},\"articleSection\":\"Historia, La Fiesta, Noticias, Nuestra Cofrad\\u00eda\"},{\"@type\":\"BreadcrumbList\",\"@id\":\"https:\\\/\\\/cofradiadeldesarme.com\\\/?p=2947#breadcrumblist\",\"itemListElement\":[{\"@type\":\"ListItem\",\"@id\":\"https:\\\/\\\/cofradiadeldesarme.com#listItem\",\"position\":1,\"name\":\"Home\",\"item\":\"https:\\\/\\\/cofradiadeldesarme.com\",\"nextItem\":{\"@type\":\"ListItem\",\"@id\":\"https:\\\/\\\/cofradiadeldesarme.com\\\/?cat=69#listItem\",\"name\":\"Noticias\"}},{\"@type\":\"ListItem\",\"@id\":\"https:\\\/\\\/cofradiadeldesarme.com\\\/?cat=69#listItem\",\"position\":2,\"name\":\"Noticias\",\"item\":\"https:\\\/\\\/cofradiadeldesarme.com\\\/?cat=69\",\"nextItem\":{\"@type\":\"ListItem\",\"@id\":\"https:\\\/\\\/cofradiadeldesarme.com\\\/?p=2947#listItem\",\"name\":\"El Desarme, a por la Fiesta de Inter\\u00e9s Tur\\u00edstico Nacional\"},\"previousItem\":{\"@type\":\"ListItem\",\"@id\":\"https:\\\/\\\/cofradiadeldesarme.com#listItem\",\"name\":\"Home\"}},{\"@type\":\"ListItem\",\"@id\":\"https:\\\/\\\/cofradiadeldesarme.com\\\/?p=2947#listItem\",\"position\":3,\"name\":\"El Desarme, a por la Fiesta de Inter\\u00e9s Tur\\u00edstico Nacional\",\"previousItem\":{\"@type\":\"ListItem\",\"@id\":\"https:\\\/\\\/cofradiadeldesarme.com\\\/?cat=69#listItem\",\"name\":\"Noticias\"}}]},{\"@type\":\"Organization\",\"@id\":\"https:\\\/\\\/cofradiadeldesarme.com\\\/#organization\",\"name\":\"El Desarme de Oviedo\",\"description\":\"La Fiesta Gastron\\u00f3mica m\\u00e1s antigua de Espa\\u00f1a\",\"url\":\"https:\\\/\\\/cofradiadeldesarme.com\\\/\",\"logo\":{\"@type\":\"ImageObject\",\"url\":\"https:\\\/\\\/cofradiadeldesarme.com\\\/wp-content\\\/uploads\\\/2025\\\/04\\\/logo-El-Desarme-min.png\",\"@id\":\"https:\\\/\\\/cofradiadeldesarme.com\\\/?p=2947\\\/#organizationLogo\",\"width\":400,\"height\":190},\"image\":{\"@id\":\"https:\\\/\\\/cofradiadeldesarme.com\\\/?p=2947\\\/#organizationLogo\"}},{\"@type\":\"Person\",\"@id\":\"https:\\\/\\\/cofradiadeldesarme.com\\\/?author=1#author\",\"url\":\"https:\\\/\\\/cofradiadeldesarme.com\\\/?author=1\",\"name\":\"admin\",\"image\":{\"@type\":\"ImageObject\",\"@id\":\"https:\\\/\\\/cofradiadeldesarme.com\\\/?p=2947#authorImage\",\"url\":\"https:\\\/\\\/secure.gravatar.com\\\/avatar\\\/5b3b35fcdad2531878232d2b4e458c1ee82d583e8b6931927916a062e9e58402?s=96&d=mm&r=g\",\"width\":96,\"height\":96,\"caption\":\"admin\"}},{\"@type\":\"WebPage\",\"@id\":\"https:\\\/\\\/cofradiadeldesarme.com\\\/?p=2947#webpage\",\"url\":\"https:\\\/\\\/cofradiadeldesarme.com\\\/?p=2947\",\"name\":\"El Desarme, a por la Fiesta de Inter\\u00e9s Tur\\u00edstico Nacional - El Desarme de Oviedo\",\"description\":\"La Fiesta del Desarme de Oviedo, con ra\\u00edces que se remontan a 1836, es mucho m\\u00e1s que una simple celebraci\\u00f3n gastron\\u00f3mica: es un tesoro cultural e hist\\u00f3rico. Esta festividad \\u00fanica, que marca el fin de las guerras carlistas, ha evolucionado hasta convertirse en un vibrante fen\\u00f3meno de 10 d\\u00edas que dinamiza Oviedo con gastronom\\u00eda, cultura\",\"inLanguage\":\"es-ES\",\"isPartOf\":{\"@id\":\"https:\\\/\\\/cofradiadeldesarme.com\\\/#website\"},\"breadcrumb\":{\"@id\":\"https:\\\/\\\/cofradiadeldesarme.com\\\/?p=2947#breadcrumblist\"},\"author\":{\"@id\":\"https:\\\/\\\/cofradiadeldesarme.com\\\/?author=1#author\"},\"creator\":{\"@id\":\"https:\\\/\\\/cofradiadeldesarme.com\\\/?author=1#author\"},\"image\":{\"@type\":\"ImageObject\",\"url\":\"https:\\\/\\\/cofradiadeldesarme.com\\\/wp-content\\\/uploads\\\/2025\\\/04\\\/08.jpg\",\"@id\":\"https:\\\/\\\/cofradiadeldesarme.com\\\/?p=2947\\\/#mainImage\",\"width\":1600,\"height\":1198},\"primaryImageOfPage\":{\"@id\":\"https:\\\/\\\/cofradiadeldesarme.com\\\/?p=2947#mainImage\"},\"datePublished\":\"2025-04-12T08:51:22+02:00\",\"dateModified\":\"2025-05-12T18:01:16+02:00\"},{\"@type\":\"WebSite\",\"@id\":\"https:\\\/\\\/cofradiadeldesarme.com\\\/#website\",\"url\":\"https:\\\/\\\/cofradiadeldesarme.com\\\/\",\"name\":\"El Desarme de Oviedo\",\"description\":\"La Fiesta Gastron\\u00f3mica m\\u00e1s antigua de Espa\\u00f1a\",\"inLanguage\":\"es-ES\",\"publisher\":{\"@id\":\"https:\\\/\\\/cofradiadeldesarme.com\\\/#organization\"}}]}\n\t\t<\/script>\n\t\t<!-- All in One SEO -->\n\n","aioseo_head_json":{"title":"El Desarme, a por la Fiesta de Inter\u00e9s Tur\u00edstico Nacional - El Desarme de Oviedo","description":"La Fiesta del Desarme de Oviedo, con ra\u00edces que se remontan a 1836, es mucho m\u00e1s que una simple celebraci\u00f3n gastron\u00f3mica: es un tesoro cultural e hist\u00f3rico. Esta festividad \u00fanica, que marca el fin de las guerras carlistas, ha evolucionado hasta convertirse en un vibrante fen\u00f3meno de 10 d\u00edas que dinamiza Oviedo con gastronom\u00eda, cultura","canonical_url":"https:\/\/cofradiadeldesarme.com\/?p=2947","robots":"noindex, nofollow, max-image-preview:large","keywords":"","webmasterTools":{"google-site-verification":"TeADORbnbuzbAYnSXlpdGfN9bzDT493vArWGYaN822Y","miscellaneous":""},"schema":{"@context":"https:\/\/schema.org","@graph":[{"@type":"BlogPosting","@id":"https:\/\/cofradiadeldesarme.com\/?p=2947#blogposting","name":"El Desarme, a por la Fiesta de Inter\u00e9s Tur\u00edstico Nacional - El Desarme de Oviedo","headline":"El Desarme, a por la Fiesta de Inter\u00e9s Tur\u00edstico Nacional","author":{"@id":"https:\/\/cofradiadeldesarme.com\/?author=1#author"},"publisher":{"@id":"https:\/\/cofradiadeldesarme.com\/#organization"},"image":{"@type":"ImageObject","url":"https:\/\/cofradiadeldesarme.com\/wp-content\/uploads\/2025\/04\/08.jpg","width":1600,"height":1198},"datePublished":"2025-04-12T08:51:22+02:00","dateModified":"2025-05-12T18:01:16+02:00","inLanguage":"es-ES","mainEntityOfPage":{"@id":"https:\/\/cofradiadeldesarme.com\/?p=2947#webpage"},"isPartOf":{"@id":"https:\/\/cofradiadeldesarme.com\/?p=2947#webpage"},"articleSection":"Historia, La Fiesta, Noticias, Nuestra Cofrad\u00eda"},{"@type":"BreadcrumbList","@id":"https:\/\/cofradiadeldesarme.com\/?p=2947#breadcrumblist","itemListElement":[{"@type":"ListItem","@id":"https:\/\/cofradiadeldesarme.com#listItem","position":1,"name":"Home","item":"https:\/\/cofradiadeldesarme.com","nextItem":{"@type":"ListItem","@id":"https:\/\/cofradiadeldesarme.com\/?cat=69#listItem","name":"Noticias"}},{"@type":"ListItem","@id":"https:\/\/cofradiadeldesarme.com\/?cat=69#listItem","position":2,"name":"Noticias","item":"https:\/\/cofradiadeldesarme.com\/?cat=69","nextItem":{"@type":"ListItem","@id":"https:\/\/cofradiadeldesarme.com\/?p=2947#listItem","name":"El Desarme, a por la Fiesta de Inter\u00e9s Tur\u00edstico Nacional"},"previousItem":{"@type":"ListItem","@id":"https:\/\/cofradiadeldesarme.com#listItem","name":"Home"}},{"@type":"ListItem","@id":"https:\/\/cofradiadeldesarme.com\/?p=2947#listItem","position":3,"name":"El Desarme, a por la Fiesta de Inter\u00e9s Tur\u00edstico Nacional","previousItem":{"@type":"ListItem","@id":"https:\/\/cofradiadeldesarme.com\/?cat=69#listItem","name":"Noticias"}}]},{"@type":"Organization","@id":"https:\/\/cofradiadeldesarme.com\/#organization","name":"El Desarme de Oviedo","description":"La Fiesta Gastron\u00f3mica m\u00e1s antigua de Espa\u00f1a","url":"https:\/\/cofradiadeldesarme.com\/","logo":{"@type":"ImageObject","url":"https:\/\/cofradiadeldesarme.com\/wp-content\/uploads\/2025\/04\/logo-El-Desarme-min.png","@id":"https:\/\/cofradiadeldesarme.com\/?p=2947\/#organizationLogo","width":400,"height":190},"image":{"@id":"https:\/\/cofradiadeldesarme.com\/?p=2947\/#organizationLogo"}},{"@type":"Person","@id":"https:\/\/cofradiadeldesarme.com\/?author=1#author","url":"https:\/\/cofradiadeldesarme.com\/?author=1","name":"admin","image":{"@type":"ImageObject","@id":"https:\/\/cofradiadeldesarme.com\/?p=2947#authorImage","url":"https:\/\/secure.gravatar.com\/avatar\/5b3b35fcdad2531878232d2b4e458c1ee82d583e8b6931927916a062e9e58402?s=96&d=mm&r=g","width":96,"height":96,"caption":"admin"}},{"@type":"WebPage","@id":"https:\/\/cofradiadeldesarme.com\/?p=2947#webpage","url":"https:\/\/cofradiadeldesarme.com\/?p=2947","name":"El Desarme, a por la Fiesta de Inter\u00e9s Tur\u00edstico Nacional - El Desarme de Oviedo","description":"La Fiesta del Desarme de Oviedo, con ra\u00edces que se remontan a 1836, es mucho m\u00e1s que una simple celebraci\u00f3n gastron\u00f3mica: es un tesoro cultural e hist\u00f3rico. Esta festividad \u00fanica, que marca el fin de las guerras carlistas, ha evolucionado hasta convertirse en un vibrante fen\u00f3meno de 10 d\u00edas que dinamiza Oviedo con gastronom\u00eda, cultura","inLanguage":"es-ES","isPartOf":{"@id":"https:\/\/cofradiadeldesarme.com\/#website"},"breadcrumb":{"@id":"https:\/\/cofradiadeldesarme.com\/?p=2947#breadcrumblist"},"author":{"@id":"https:\/\/cofradiadeldesarme.com\/?author=1#author"},"creator":{"@id":"https:\/\/cofradiadeldesarme.com\/?author=1#author"},"image":{"@type":"ImageObject","url":"https:\/\/cofradiadeldesarme.com\/wp-content\/uploads\/2025\/04\/08.jpg","@id":"https:\/\/cofradiadeldesarme.com\/?p=2947\/#mainImage","width":1600,"height":1198},"primaryImageOfPage":{"@id":"https:\/\/cofradiadeldesarme.com\/?p=2947#mainImage"},"datePublished":"2025-04-12T08:51:22+02:00","dateModified":"2025-05-12T18:01:16+02:00"},{"@type":"WebSite","@id":"https:\/\/cofradiadeldesarme.com\/#website","url":"https:\/\/cofradiadeldesarme.com\/","name":"El Desarme de Oviedo","description":"La Fiesta Gastron\u00f3mica m\u00e1s antigua de Espa\u00f1a","inLanguage":"es-ES","publisher":{"@id":"https:\/\/cofradiadeldesarme.com\/#organization"}}]},"og:locale":"es_ES","og:site_name":"El Desarme de Oviedo - La Fiesta Gastron\u00f3mica m\u00e1s antigua de Espa\u00f1a","og:type":"article","og:title":"El Desarme, a por la Fiesta de Inter\u00e9s Tur\u00edstico Nacional - El Desarme de Oviedo","og:description":"La Fiesta del Desarme de Oviedo, con ra\u00edces que se remontan a 1836, es mucho m\u00e1s que una simple celebraci\u00f3n gastron\u00f3mica: es un tesoro cultural e hist\u00f3rico. Esta festividad \u00fanica, que marca el fin de las guerras carlistas, ha evolucionado hasta convertirse en un vibrante fen\u00f3meno de 10 d\u00edas que dinamiza Oviedo con gastronom\u00eda, cultura","og:url":"https:\/\/cofradiadeldesarme.com\/?p=2947","og:image":"https:\/\/cofradiadeldesarme.com\/wp-content\/uploads\/2025\/04\/logo-El-Desarme-min.png","og:image:secure_url":"https:\/\/cofradiadeldesarme.com\/wp-content\/uploads\/2025\/04\/logo-El-Desarme-min.png","article:published_time":"2025-04-12T08:51:22+00:00","article:modified_time":"2025-05-12T18:01:16+00:00","twitter:card":"summary_large_image","twitter:title":"El Desarme, a por la Fiesta de Inter\u00e9s Tur\u00edstico Nacional - El Desarme de Oviedo","twitter:description":"La Fiesta del Desarme de Oviedo, con ra\u00edces que se remontan a 1836, es mucho m\u00e1s que una simple celebraci\u00f3n gastron\u00f3mica: es un tesoro cultural e hist\u00f3rico. Esta festividad \u00fanica, que marca el fin de las guerras carlistas, ha evolucionado hasta convertirse en un vibrante fen\u00f3meno de 10 d\u00edas que dinamiza Oviedo con gastronom\u00eda, cultura","twitter:image":"https:\/\/cofradiadeldesarme.com\/wp-content\/uploads\/2025\/04\/logo-El-Desarme-min.png"},"aioseo_meta_data":{"post_id":"2947","title":null,"description":null,"keywords":null,"keyphrases":null,"primary_term":null,"canonical_url":null,"og_title":null,"og_description":null,"og_object_type":"default","og_image_type":"default","og_image_url":null,"og_image_width":null,"og_image_height":null,"og_image_custom_url":null,"og_image_custom_fields":null,"og_video":null,"og_custom_url":null,"og_article_section":null,"og_article_tags":null,"twitter_use_og":false,"twitter_card":"default","twitter_image_type":"default","twitter_image_url":null,"twitter_image_custom_url":null,"twitter_image_custom_fields":null,"twitter_title":null,"twitter_description":null,"schema":{"blockGraphs":[],"customGraphs":[],"default":{"data":{"Article":[],"Course":[],"Dataset":[],"FAQPage":[],"Movie":[],"Person":[],"Product":[],"ProductReview":[],"Car":[],"Recipe":[],"Service":[],"SoftwareApplication":[],"WebPage":[]},"graphName":"","isEnabled":true},"graphs":[]},"schema_type":"default","schema_type_options":null,"pillar_content":false,"robots_default":true,"robots_noindex":false,"robots_noarchive":false,"robots_nosnippet":false,"robots_nofollow":false,"robots_noimageindex":false,"robots_noodp":false,"robots_notranslate":false,"robots_max_snippet":null,"robots_max_videopreview":null,"robots_max_imagepreview":"large","priority":null,"frequency":null,"local_seo":null,"breadcrumb_settings":null,"limit_modified_date":false,"ai":null,"created":"2025-09-04 21:29:33","updated":"2025-09-04 21:29:33","seo_analyzer_scan_date":null,"focus_keyword":null,"additional_keywords":null,"truseo_locale":null},"aioseo_breadcrumb":"<div class=\"aioseo-breadcrumbs\"><span class=\"aioseo-breadcrumb\">\n\t\t\t<a href=\"https:\/\/cofradiadeldesarme.com\" title=\"Home\">Home<\/a>\n\t\t<\/span><span class=\"aioseo-breadcrumb-separator\">&raquo;<\/span><span class=\"aioseo-breadcrumb\">\n\t\t\t<a href=\"https:\/\/cofradiadeldesarme.com\/?cat=69\" title=\"Noticias\">Noticias<\/a>\n\t\t<\/span><span class=\"aioseo-breadcrumb-separator\">&raquo;<\/span><span class=\"aioseo-breadcrumb\">\n\t\t\tEl Desarme, a por la Fiesta de Inter\u00e9s Tur\u00edstico Nacional\n\t\t<\/span><\/div>","aioseo_breadcrumb_json":[{"label":"Home","link":"https:\/\/cofradiadeldesarme.com"},{"label":"Noticias","link":"https:\/\/cofradiadeldesarme.com\/?cat=69"},{"label":"El Desarme, a por la Fiesta de Inter\u00e9s Tur\u00edstico Nacional","link":"https:\/\/cofradiadeldesarme.com\/?p=2947"}],"acf":[],"_links":{"self":[{"href":"https:\/\/cofradiadeldesarme.com\/index.php?rest_route=\/wp\/v2\/posts\/2947","targetHints":{"allow":["GET"]}}],"collection":[{"href":"https:\/\/cofradiadeldesarme.com\/index.php?rest_route=\/wp\/v2\/posts"}],"about":[{"href":"https:\/\/cofradiadeldesarme.com\/index.php?rest_route=\/wp\/v2\/types\/post"}],"author":[{"embeddable":true,"href":"https:\/\/cofradiadeldesarme.com\/index.php?rest_route=\/wp\/v2\/users\/1"}],"replies":[{"embeddable":true,"href":"https:\/\/cofradiadeldesarme.com\/index.php?rest_route=%2Fwp%2Fv2%2Fcomments&post=2947"}],"version-history":[{"count":4,"href":"https:\/\/cofradiadeldesarme.com\/index.php?rest_route=\/wp\/v2\/posts\/2947\/revisions"}],"predecessor-version":[{"id":2962,"href":"https:\/\/cofradiadeldesarme.com\/index.php?rest_route=\/wp\/v2\/posts\/2947\/revisions\/2962"}],"wp:featuredmedia":[{"embeddable":true,"href":"https:\/\/cofradiadeldesarme.com\/index.php?rest_route=\/wp\/v2\/media\/2955"}],"wp:attachment":[{"href":"https:\/\/cofradiadeldesarme.com\/index.php?rest_route=%2Fwp%2Fv2%2Fmedia&parent=2947"}],"wp:term":[{"taxonomy":"category","embeddable":true,"href":"https:\/\/cofradiadeldesarme.com\/index.php?rest_route=%2Fwp%2Fv2%2Fcategories&post=2947"},{"taxonomy":"post_tag","embeddable":true,"href":"https:\/\/cofradiadeldesarme.com\/index.php?rest_route=%2Fwp%2Fv2%2Ftags&post=2947"}],"curies":[{"name":"wp","href":"https:\/\/api.w.org\/{rel}","templated":true}]}}