{"id":3457,"date":"2025-05-09T09:42:09","date_gmt":"2025-05-09T09:42:09","guid":{"rendered":"https:\/\/cofradiadeldesarme.com\/?p=3457"},"modified":"2025-05-12T18:01:16","modified_gmt":"2025-05-12T18:01:16","slug":"camilo-de-blas-premio-nacional-de-comercio","status":"publish","type":"post","link":"https:\/\/cofradiadeldesarme.com\/?p=3457","title":{"rendered":"Camilo de Blas, Premio Nacional de Comercio"},"content":{"rendered":"\t\t<div data-elementor-type=\"wp-post\" data-elementor-id=\"3457\" class=\"elementor elementor-3457\" data-elementor-post-type=\"post\">\n\t\t\t\t<div class=\"elementor-element elementor-element-701e432 e-flex e-con-boxed e-con e-parent\" data-id=\"701e432\" data-element_type=\"container\" data-e-type=\"container\">\n\t\t\t\t\t<div class=\"e-con-inner\">\n\t\t\t\t<div class=\"elementor-element elementor-element-18cdb2d elementor-widget elementor-widget-heading\" data-id=\"18cdb2d\" data-element_type=\"widget\" data-e-type=\"widget\" data-widget_type=\"heading.default\">\n\t\t\t\t\t<div class=\"elementor-heading-title elementor-size-default\">El centenario comercio ovetense y Embajador de Honor de nuestra Cofrad\u00eda ha sido galardonado con Premio Nacional de Comercio.<\/div>\t\t\t\t<\/div>\n\t\t\t\t<div class=\"elementor-element elementor-element-8109124 elementor-widget elementor-widget-text-editor\" data-id=\"8109124\" data-element_type=\"widget\" data-e-type=\"widget\" data-widget_type=\"text-editor.default\">\n\t\t\t\t\t\t\t\t\t<p>El Ministerio de Econom\u00eda, Comercio y Empresa ha concedido a Camilo de Blas, uno de los comercios m\u00e1s emblem\u00e1ticos de Oviedo, el Premio Nacional de Comercio.<\/p><p>Desde la Cofrad\u00eda del Desarme queremos felicitar a nuestro Embajador de Honor, firme colaborador del Desarme y nuestra Cofrad\u00eda, por tan ilustre y merecido reconocimiento.<\/p>\t\t\t\t\t\t\t\t<\/div>\n\t\t\t\t\t<\/div>\n\t\t\t\t<\/div>\n\t\t<div class=\"elementor-element elementor-element-b62ad3b e-flex e-con-boxed e-con e-parent\" data-id=\"b62ad3b\" data-element_type=\"container\" data-e-type=\"container\">\n\t\t\t\t\t<div class=\"e-con-inner\">\n\t\t<div class=\"elementor-element elementor-element-9b86f64 e-con-full e-flex e-con e-child\" data-id=\"9b86f64\" data-element_type=\"container\" data-e-type=\"container\">\n\t\t\t\t<div class=\"elementor-element elementor-element-c03b61e elementor-widget elementor-widget-image\" data-id=\"c03b61e\" data-element_type=\"widget\" data-e-type=\"widget\" data-widget_type=\"image.default\">\n\t\t\t\t\t\t\t\t\t\t\t\t\t\t\t<img fetchpriority=\"high\" decoding=\"async\" width=\"1600\" height=\"1198\" src=\"https:\/\/cofradiadeldesarme.com\/wp-content\/uploads\/2025\/05\/camilo-de-blas-02.jpg\" class=\"attachment-full size-full wp-image-3466\" alt=\"\" srcset=\"https:\/\/cofradiadeldesarme.com\/wp-content\/uploads\/2025\/05\/camilo-de-blas-02.jpg 1600w, https:\/\/cofradiadeldesarme.com\/wp-content\/uploads\/2025\/05\/camilo-de-blas-02-300x225.jpg 300w, https:\/\/cofradiadeldesarme.com\/wp-content\/uploads\/2025\/05\/camilo-de-blas-02-1024x767.jpg 1024w, https:\/\/cofradiadeldesarme.com\/wp-content\/uploads\/2025\/05\/camilo-de-blas-02-768x575.jpg 768w, https:\/\/cofradiadeldesarme.com\/wp-content\/uploads\/2025\/05\/camilo-de-blas-02-1536x1150.jpg 1536w, https:\/\/cofradiadeldesarme.com\/wp-content\/uploads\/2025\/05\/camilo-de-blas-02-370x277.jpg 370w, https:\/\/cofradiadeldesarme.com\/wp-content\/uploads\/2025\/05\/camilo-de-blas-02-1010x756.jpg 1010w, https:\/\/cofradiadeldesarme.com\/wp-content\/uploads\/2025\/05\/camilo-de-blas-02-470x352.jpg 470w, https:\/\/cofradiadeldesarme.com\/wp-content\/uploads\/2025\/05\/camilo-de-blas-02-700x524.jpg 700w\" sizes=\"(max-width: 1600px) 100vw, 1600px\" \/>\t\t\t\t\t\t\t\t\t\t\t\t\t\t\t<\/div>\n\t\t\t\t<\/div>\n\t\t<div class=\"elementor-element elementor-element-95af8cc e-con-full e-flex e-con e-child\" data-id=\"95af8cc\" data-element_type=\"container\" data-e-type=\"container\">\n\t\t\t\t<div class=\"elementor-element elementor-element-a083e8c elementor-widget elementor-widget-image\" data-id=\"a083e8c\" data-element_type=\"widget\" data-e-type=\"widget\" data-widget_type=\"image.default\">\n\t\t\t\t\t\t\t\t\t\t\t\t\t\t\t<img decoding=\"async\" width=\"1600\" height=\"1198\" src=\"https:\/\/cofradiadeldesarme.com\/wp-content\/uploads\/2025\/05\/camilo-de-blas-01.jpg\" class=\"attachment-full size-full wp-image-3465\" alt=\"\" srcset=\"https:\/\/cofradiadeldesarme.com\/wp-content\/uploads\/2025\/05\/camilo-de-blas-01.jpg 1600w, https:\/\/cofradiadeldesarme.com\/wp-content\/uploads\/2025\/05\/camilo-de-blas-01-300x225.jpg 300w, https:\/\/cofradiadeldesarme.com\/wp-content\/uploads\/2025\/05\/camilo-de-blas-01-1024x767.jpg 1024w, https:\/\/cofradiadeldesarme.com\/wp-content\/uploads\/2025\/05\/camilo-de-blas-01-768x575.jpg 768w, https:\/\/cofradiadeldesarme.com\/wp-content\/uploads\/2025\/05\/camilo-de-blas-01-1536x1150.jpg 1536w, https:\/\/cofradiadeldesarme.com\/wp-content\/uploads\/2025\/05\/camilo-de-blas-01-370x277.jpg 370w, https:\/\/cofradiadeldesarme.com\/wp-content\/uploads\/2025\/05\/camilo-de-blas-01-1010x756.jpg 1010w, https:\/\/cofradiadeldesarme.com\/wp-content\/uploads\/2025\/05\/camilo-de-blas-01-470x352.jpg 470w, https:\/\/cofradiadeldesarme.com\/wp-content\/uploads\/2025\/05\/camilo-de-blas-01-700x524.jpg 700w\" sizes=\"(max-width: 1600px) 100vw, 1600px\" \/>\t\t\t\t\t\t\t\t\t\t\t\t\t\t\t<\/div>\n\t\t\t\t<\/div>\n\t\t\t\t\t<\/div>\n\t\t\t\t<\/div>\n\t\t\t\t<\/div>\n\t\t","protected":false},"excerpt":{"rendered":"<p>El centenario comercio ovetense y Embajador de Honor de nuestra Cofrad\u00eda ha sido galardonado con Premio Nacional de Comercio. El Ministerio de Econom\u00eda, Comercio y Empresa ha concedido a Camilo de Blas, uno de los comercios m\u00e1s emblem\u00e1ticos&hellip;<\/p>\n","protected":false},"author":1,"featured_media":3463,"comment_status":"closed","ping_status":"closed","sticky":false,"template":"","format":"standard","meta":{"_acf_changed":false,"footnotes":""},"categories":[74,89,69,91],"tags":[],"class_list":["post-3457","post","type-post","status-publish","format-standard","has-post-thumbnail","hentry","category-embajadores-de-honor","category-galardones","category-noticias","category-sociedad"],"aioseo_notices":[],"aioseo_head":"\n\t\t<!-- All in One SEO 5.0.1.1 - aioseo.com -->\n\t<meta name=\"description\" content=\"El centenario comercio ovetense y Embajador de Honor de nuestra Cofrad\u00eda ha sido galardonado con Premio Nacional de Comercio. El Ministerio de Econom\u00eda, Comercio y Empresa ha concedido a Camilo de Blas, uno de los comercios m\u00e1s emblem\u00e1ticos de Oviedo, el Premio Nacional de Comercio.Desde la Cofrad\u00eda del Desarme queremos felicitar a nuestro Embajador de\" \/>\n\t<meta name=\"robots\" content=\"noindex, nofollow, max-image-preview:large\" \/>\n\t<meta name=\"author\" content=\"admin\"\/>\n\t<meta name=\"google-site-verification\" content=\"TeADORbnbuzbAYnSXlpdGfN9bzDT493vArWGYaN822Y\" \/>\n\t<link rel=\"canonical\" href=\"https:\/\/cofradiadeldesarme.com\/?p=3457\" \/>\n\t<meta name=\"generator\" content=\"All in One SEO (AIOSEO) 5.0.1.1\" \/>\n\t\t<meta property=\"og:locale\" content=\"es_ES\" \/>\n\t\t<meta property=\"og:site_name\" content=\"El Desarme de Oviedo - La Fiesta Gastron\u00f3mica m\u00e1s antigua de Espa\u00f1a\" \/>\n\t\t<meta property=\"og:type\" content=\"article\" \/>\n\t\t<meta property=\"og:title\" content=\"Camilo de Blas, Premio Nacional de Comercio - El Desarme de Oviedo\" \/>\n\t\t<meta property=\"og:description\" content=\"El centenario comercio ovetense y Embajador de Honor de nuestra Cofrad\u00eda ha sido galardonado con Premio Nacional de Comercio. El Ministerio de Econom\u00eda, Comercio y Empresa ha concedido a Camilo de Blas, uno de los comercios m\u00e1s emblem\u00e1ticos de Oviedo, el Premio Nacional de Comercio.Desde la Cofrad\u00eda del Desarme queremos felicitar a nuestro Embajador de\" \/>\n\t\t<meta property=\"og:url\" content=\"https:\/\/cofradiadeldesarme.com\/?p=3457\" \/>\n\t\t<meta property=\"og:image\" content=\"https:\/\/cofradiadeldesarme.com\/wp-content\/uploads\/2025\/04\/logo-El-Desarme-min.png\" \/>\n\t\t<meta property=\"og:image:secure_url\" content=\"https:\/\/cofradiadeldesarme.com\/wp-content\/uploads\/2025\/04\/logo-El-Desarme-min.png\" \/>\n\t\t<meta property=\"article:published_time\" content=\"2025-05-09T09:42:09+00:00\" \/>\n\t\t<meta property=\"article:modified_time\" content=\"2025-05-12T18:01:16+00:00\" \/>\n\t\t<meta name=\"twitter:card\" content=\"summary_large_image\" \/>\n\t\t<meta name=\"twitter:title\" content=\"Camilo de Blas, Premio Nacional de Comercio - El Desarme de Oviedo\" \/>\n\t\t<meta name=\"twitter:description\" content=\"El centenario comercio ovetense y Embajador de Honor de nuestra Cofrad\u00eda ha sido galardonado con Premio Nacional de Comercio. El Ministerio de Econom\u00eda, Comercio y Empresa ha concedido a Camilo de Blas, uno de los comercios m\u00e1s emblem\u00e1ticos de Oviedo, el Premio Nacional de Comercio.Desde la Cofrad\u00eda del Desarme queremos felicitar a nuestro Embajador de\" \/>\n\t\t<meta name=\"twitter:image\" content=\"https:\/\/cofradiadeldesarme.com\/wp-content\/uploads\/2025\/04\/logo-El-Desarme-min.png\" \/>\n\t\t<script type=\"application\/ld+json\" class=\"aioseo-schema\">\n\t\t\t{\"@context\":\"https:\\\/\\\/schema.org\",\"@graph\":[{\"@type\":\"BlogPosting\",\"@id\":\"https:\\\/\\\/cofradiadeldesarme.com\\\/?p=3457#blogposting\",\"name\":\"Camilo de Blas, Premio Nacional de Comercio - El Desarme de Oviedo\",\"headline\":\"Camilo de Blas, Premio Nacional de Comercio\",\"author\":{\"@id\":\"https:\\\/\\\/cofradiadeldesarme.com\\\/?author=1#author\"},\"publisher\":{\"@id\":\"https:\\\/\\\/cofradiadeldesarme.com\\\/#organization\"},\"image\":{\"@type\":\"ImageObject\",\"url\":\"https:\\\/\\\/cofradiadeldesarme.com\\\/wp-content\\\/uploads\\\/2025\\\/05\\\/botones-del-desarme-camilo-de-blas.jpg\",\"width\":1600,\"height\":1198},\"datePublished\":\"2025-05-09T09:42:09+02:00\",\"dateModified\":\"2025-05-12T18:01:16+02:00\",\"inLanguage\":\"es-ES\",\"mainEntityOfPage\":{\"@id\":\"https:\\\/\\\/cofradiadeldesarme.com\\\/?p=3457#webpage\"},\"isPartOf\":{\"@id\":\"https:\\\/\\\/cofradiadeldesarme.com\\\/?p=3457#webpage\"},\"articleSection\":\"Embajadores de Honor, Galardones, Noticias, Sociedad\"},{\"@type\":\"BreadcrumbList\",\"@id\":\"https:\\\/\\\/cofradiadeldesarme.com\\\/?p=3457#breadcrumblist\",\"itemListElement\":[{\"@type\":\"ListItem\",\"@id\":\"https:\\\/\\\/cofradiadeldesarme.com#listItem\",\"position\":1,\"name\":\"Home\",\"item\":\"https:\\\/\\\/cofradiadeldesarme.com\",\"nextItem\":{\"@type\":\"ListItem\",\"@id\":\"https:\\\/\\\/cofradiadeldesarme.com\\\/?cat=69#listItem\",\"name\":\"Noticias\"}},{\"@type\":\"ListItem\",\"@id\":\"https:\\\/\\\/cofradiadeldesarme.com\\\/?cat=69#listItem\",\"position\":2,\"name\":\"Noticias\",\"item\":\"https:\\\/\\\/cofradiadeldesarme.com\\\/?cat=69\",\"nextItem\":{\"@type\":\"ListItem\",\"@id\":\"https:\\\/\\\/cofradiadeldesarme.com\\\/?p=3457#listItem\",\"name\":\"Camilo de Blas, Premio Nacional de Comercio\"},\"previousItem\":{\"@type\":\"ListItem\",\"@id\":\"https:\\\/\\\/cofradiadeldesarme.com#listItem\",\"name\":\"Home\"}},{\"@type\":\"ListItem\",\"@id\":\"https:\\\/\\\/cofradiadeldesarme.com\\\/?p=3457#listItem\",\"position\":3,\"name\":\"Camilo de Blas, Premio Nacional de Comercio\",\"previousItem\":{\"@type\":\"ListItem\",\"@id\":\"https:\\\/\\\/cofradiadeldesarme.com\\\/?cat=69#listItem\",\"name\":\"Noticias\"}}]},{\"@type\":\"Organization\",\"@id\":\"https:\\\/\\\/cofradiadeldesarme.com\\\/#organization\",\"name\":\"El Desarme de Oviedo\",\"description\":\"La Fiesta Gastron\\u00f3mica m\\u00e1s antigua de Espa\\u00f1a\",\"url\":\"https:\\\/\\\/cofradiadeldesarme.com\\\/\",\"logo\":{\"@type\":\"ImageObject\",\"url\":\"https:\\\/\\\/cofradiadeldesarme.com\\\/wp-content\\\/uploads\\\/2025\\\/04\\\/logo-El-Desarme-min.png\",\"@id\":\"https:\\\/\\\/cofradiadeldesarme.com\\\/?p=3457\\\/#organizationLogo\",\"width\":400,\"height\":190},\"image\":{\"@id\":\"https:\\\/\\\/cofradiadeldesarme.com\\\/?p=3457\\\/#organizationLogo\"}},{\"@type\":\"Person\",\"@id\":\"https:\\\/\\\/cofradiadeldesarme.com\\\/?author=1#author\",\"url\":\"https:\\\/\\\/cofradiadeldesarme.com\\\/?author=1\",\"name\":\"admin\",\"image\":{\"@type\":\"ImageObject\",\"@id\":\"https:\\\/\\\/cofradiadeldesarme.com\\\/?p=3457#authorImage\",\"url\":\"https:\\\/\\\/secure.gravatar.com\\\/avatar\\\/5b3b35fcdad2531878232d2b4e458c1ee82d583e8b6931927916a062e9e58402?s=96&d=mm&r=g\",\"width\":96,\"height\":96,\"caption\":\"admin\"}},{\"@type\":\"WebPage\",\"@id\":\"https:\\\/\\\/cofradiadeldesarme.com\\\/?p=3457#webpage\",\"url\":\"https:\\\/\\\/cofradiadeldesarme.com\\\/?p=3457\",\"name\":\"Camilo de Blas, Premio Nacional de Comercio - El Desarme de Oviedo\",\"description\":\"El centenario comercio ovetense y Embajador de Honor de nuestra Cofrad\\u00eda ha sido galardonado con Premio Nacional de Comercio. El Ministerio de Econom\\u00eda, Comercio y Empresa ha concedido a Camilo de Blas, uno de los comercios m\\u00e1s emblem\\u00e1ticos de Oviedo, el Premio Nacional de Comercio.Desde la Cofrad\\u00eda del Desarme queremos felicitar a nuestro Embajador de\",\"inLanguage\":\"es-ES\",\"isPartOf\":{\"@id\":\"https:\\\/\\\/cofradiadeldesarme.com\\\/#website\"},\"breadcrumb\":{\"@id\":\"https:\\\/\\\/cofradiadeldesarme.com\\\/?p=3457#breadcrumblist\"},\"author\":{\"@id\":\"https:\\\/\\\/cofradiadeldesarme.com\\\/?author=1#author\"},\"creator\":{\"@id\":\"https:\\\/\\\/cofradiadeldesarme.com\\\/?author=1#author\"},\"image\":{\"@type\":\"ImageObject\",\"url\":\"https:\\\/\\\/cofradiadeldesarme.com\\\/wp-content\\\/uploads\\\/2025\\\/05\\\/botones-del-desarme-camilo-de-blas.jpg\",\"@id\":\"https:\\\/\\\/cofradiadeldesarme.com\\\/?p=3457\\\/#mainImage\",\"width\":1600,\"height\":1198},\"primaryImageOfPage\":{\"@id\":\"https:\\\/\\\/cofradiadeldesarme.com\\\/?p=3457#mainImage\"},\"datePublished\":\"2025-05-09T09:42:09+02:00\",\"dateModified\":\"2025-05-12T18:01:16+02:00\"},{\"@type\":\"WebSite\",\"@id\":\"https:\\\/\\\/cofradiadeldesarme.com\\\/#website\",\"url\":\"https:\\\/\\\/cofradiadeldesarme.com\\\/\",\"name\":\"El Desarme de Oviedo\",\"description\":\"La Fiesta Gastron\\u00f3mica m\\u00e1s antigua de Espa\\u00f1a\",\"inLanguage\":\"es-ES\",\"publisher\":{\"@id\":\"https:\\\/\\\/cofradiadeldesarme.com\\\/#organization\"}}]}\n\t\t<\/script>\n\t\t<!-- All in One SEO -->\n\n","aioseo_head_json":{"title":"Camilo de Blas, Premio Nacional de Comercio - El Desarme de Oviedo","description":"El centenario comercio ovetense y Embajador de Honor de nuestra Cofrad\u00eda ha sido galardonado con Premio Nacional de Comercio. El Ministerio de Econom\u00eda, Comercio y Empresa ha concedido a Camilo de Blas, uno de los comercios m\u00e1s emblem\u00e1ticos de Oviedo, el Premio Nacional de Comercio.Desde la Cofrad\u00eda del Desarme queremos felicitar a nuestro Embajador de","canonical_url":"https:\/\/cofradiadeldesarme.com\/?p=3457","robots":"noindex, nofollow, max-image-preview:large","keywords":"","webmasterTools":{"google-site-verification":"TeADORbnbuzbAYnSXlpdGfN9bzDT493vArWGYaN822Y","miscellaneous":""},"schema":{"@context":"https:\/\/schema.org","@graph":[{"@type":"BlogPosting","@id":"https:\/\/cofradiadeldesarme.com\/?p=3457#blogposting","name":"Camilo de Blas, Premio Nacional de Comercio - El Desarme de Oviedo","headline":"Camilo de Blas, Premio Nacional de Comercio","author":{"@id":"https:\/\/cofradiadeldesarme.com\/?author=1#author"},"publisher":{"@id":"https:\/\/cofradiadeldesarme.com\/#organization"},"image":{"@type":"ImageObject","url":"https:\/\/cofradiadeldesarme.com\/wp-content\/uploads\/2025\/05\/botones-del-desarme-camilo-de-blas.jpg","width":1600,"height":1198},"datePublished":"2025-05-09T09:42:09+02:00","dateModified":"2025-05-12T18:01:16+02:00","inLanguage":"es-ES","mainEntityOfPage":{"@id":"https:\/\/cofradiadeldesarme.com\/?p=3457#webpage"},"isPartOf":{"@id":"https:\/\/cofradiadeldesarme.com\/?p=3457#webpage"},"articleSection":"Embajadores de Honor, Galardones, Noticias, Sociedad"},{"@type":"BreadcrumbList","@id":"https:\/\/cofradiadeldesarme.com\/?p=3457#breadcrumblist","itemListElement":[{"@type":"ListItem","@id":"https:\/\/cofradiadeldesarme.com#listItem","position":1,"name":"Home","item":"https:\/\/cofradiadeldesarme.com","nextItem":{"@type":"ListItem","@id":"https:\/\/cofradiadeldesarme.com\/?cat=69#listItem","name":"Noticias"}},{"@type":"ListItem","@id":"https:\/\/cofradiadeldesarme.com\/?cat=69#listItem","position":2,"name":"Noticias","item":"https:\/\/cofradiadeldesarme.com\/?cat=69","nextItem":{"@type":"ListItem","@id":"https:\/\/cofradiadeldesarme.com\/?p=3457#listItem","name":"Camilo de Blas, Premio Nacional de Comercio"},"previousItem":{"@type":"ListItem","@id":"https:\/\/cofradiadeldesarme.com#listItem","name":"Home"}},{"@type":"ListItem","@id":"https:\/\/cofradiadeldesarme.com\/?p=3457#listItem","position":3,"name":"Camilo de Blas, Premio Nacional de Comercio","previousItem":{"@type":"ListItem","@id":"https:\/\/cofradiadeldesarme.com\/?cat=69#listItem","name":"Noticias"}}]},{"@type":"Organization","@id":"https:\/\/cofradiadeldesarme.com\/#organization","name":"El Desarme de Oviedo","description":"La Fiesta Gastron\u00f3mica m\u00e1s antigua de Espa\u00f1a","url":"https:\/\/cofradiadeldesarme.com\/","logo":{"@type":"ImageObject","url":"https:\/\/cofradiadeldesarme.com\/wp-content\/uploads\/2025\/04\/logo-El-Desarme-min.png","@id":"https:\/\/cofradiadeldesarme.com\/?p=3457\/#organizationLogo","width":400,"height":190},"image":{"@id":"https:\/\/cofradiadeldesarme.com\/?p=3457\/#organizationLogo"}},{"@type":"Person","@id":"https:\/\/cofradiadeldesarme.com\/?author=1#author","url":"https:\/\/cofradiadeldesarme.com\/?author=1","name":"admin","image":{"@type":"ImageObject","@id":"https:\/\/cofradiadeldesarme.com\/?p=3457#authorImage","url":"https:\/\/secure.gravatar.com\/avatar\/5b3b35fcdad2531878232d2b4e458c1ee82d583e8b6931927916a062e9e58402?s=96&d=mm&r=g","width":96,"height":96,"caption":"admin"}},{"@type":"WebPage","@id":"https:\/\/cofradiadeldesarme.com\/?p=3457#webpage","url":"https:\/\/cofradiadeldesarme.com\/?p=3457","name":"Camilo de Blas, Premio Nacional de Comercio - El Desarme de Oviedo","description":"El centenario comercio ovetense y Embajador de Honor de nuestra Cofrad\u00eda ha sido galardonado con Premio Nacional de Comercio. El Ministerio de Econom\u00eda, Comercio y Empresa ha concedido a Camilo de Blas, uno de los comercios m\u00e1s emblem\u00e1ticos de Oviedo, el Premio Nacional de Comercio.Desde la Cofrad\u00eda del Desarme queremos felicitar a nuestro Embajador de","inLanguage":"es-ES","isPartOf":{"@id":"https:\/\/cofradiadeldesarme.com\/#website"},"breadcrumb":{"@id":"https:\/\/cofradiadeldesarme.com\/?p=3457#breadcrumblist"},"author":{"@id":"https:\/\/cofradiadeldesarme.com\/?author=1#author"},"creator":{"@id":"https:\/\/cofradiadeldesarme.com\/?author=1#author"},"image":{"@type":"ImageObject","url":"https:\/\/cofradiadeldesarme.com\/wp-content\/uploads\/2025\/05\/botones-del-desarme-camilo-de-blas.jpg","@id":"https:\/\/cofradiadeldesarme.com\/?p=3457\/#mainImage","width":1600,"height":1198},"primaryImageOfPage":{"@id":"https:\/\/cofradiadeldesarme.com\/?p=3457#mainImage"},"datePublished":"2025-05-09T09:42:09+02:00","dateModified":"2025-05-12T18:01:16+02:00"},{"@type":"WebSite","@id":"https:\/\/cofradiadeldesarme.com\/#website","url":"https:\/\/cofradiadeldesarme.com\/","name":"El Desarme de Oviedo","description":"La Fiesta Gastron\u00f3mica m\u00e1s antigua de Espa\u00f1a","inLanguage":"es-ES","publisher":{"@id":"https:\/\/cofradiadeldesarme.com\/#organization"}}]},"og:locale":"es_ES","og:site_name":"El Desarme de Oviedo - La Fiesta Gastron\u00f3mica m\u00e1s antigua de Espa\u00f1a","og:type":"article","og:title":"Camilo de Blas, Premio Nacional de Comercio - El Desarme de Oviedo","og:description":"El centenario comercio ovetense y Embajador de Honor de nuestra Cofrad\u00eda ha sido galardonado con Premio Nacional de Comercio. El Ministerio de Econom\u00eda, Comercio y Empresa ha concedido a Camilo de Blas, uno de los comercios m\u00e1s emblem\u00e1ticos de Oviedo, el Premio Nacional de Comercio.Desde la Cofrad\u00eda del Desarme queremos felicitar a nuestro Embajador de","og:url":"https:\/\/cofradiadeldesarme.com\/?p=3457","og:image":"https:\/\/cofradiadeldesarme.com\/wp-content\/uploads\/2025\/04\/logo-El-Desarme-min.png","og:image:secure_url":"https:\/\/cofradiadeldesarme.com\/wp-content\/uploads\/2025\/04\/logo-El-Desarme-min.png","article:published_time":"2025-05-09T09:42:09+00:00","article:modified_time":"2025-05-12T18:01:16+00:00","twitter:card":"summary_large_image","twitter:title":"Camilo de Blas, Premio Nacional de Comercio - El Desarme de Oviedo","twitter:description":"El centenario comercio ovetense y Embajador de Honor de nuestra Cofrad\u00eda ha sido galardonado con Premio Nacional de Comercio. El Ministerio de Econom\u00eda, Comercio y Empresa ha concedido a Camilo de Blas, uno de los comercios m\u00e1s emblem\u00e1ticos de Oviedo, el Premio Nacional de Comercio.Desde la Cofrad\u00eda del Desarme queremos felicitar a nuestro Embajador de","twitter:image":"https:\/\/cofradiadeldesarme.com\/wp-content\/uploads\/2025\/04\/logo-El-Desarme-min.png"},"aioseo_meta_data":{"post_id":"3457","title":null,"description":null,"keywords":null,"keyphrases":null,"primary_term":null,"canonical_url":null,"og_title":null,"og_description":null,"og_object_type":"default","og_image_type":"default","og_image_url":null,"og_image_width":null,"og_image_height":null,"og_image_custom_url":null,"og_image_custom_fields":null,"og_video":null,"og_custom_url":null,"og_article_section":null,"og_article_tags":null,"twitter_use_og":false,"twitter_card":"default","twitter_image_type":"default","twitter_image_url":null,"twitter_image_custom_url":null,"twitter_image_custom_fields":null,"twitter_title":null,"twitter_description":null,"schema":{"blockGraphs":[],"customGraphs":[],"default":{"data":{"Article":[],"Course":[],"Dataset":[],"FAQPage":[],"Movie":[],"Person":[],"Product":[],"ProductReview":[],"Car":[],"Recipe":[],"Service":[],"SoftwareApplication":[],"WebPage":[]},"graphName":"","isEnabled":true},"graphs":[]},"schema_type":"default","schema_type_options":null,"pillar_content":false,"robots_default":true,"robots_noindex":false,"robots_noarchive":false,"robots_nosnippet":false,"robots_nofollow":false,"robots_noimageindex":false,"robots_noodp":false,"robots_notranslate":false,"robots_max_snippet":null,"robots_max_videopreview":null,"robots_max_imagepreview":"large","priority":null,"frequency":null,"local_seo":null,"breadcrumb_settings":null,"limit_modified_date":false,"ai":null,"created":"2025-09-04 21:29:34","updated":"2025-09-04 21:29:34","seo_analyzer_scan_date":null,"focus_keyword":null,"additional_keywords":null,"truseo_locale":null},"aioseo_breadcrumb":"<div class=\"aioseo-breadcrumbs\"><span class=\"aioseo-breadcrumb\">\n\t\t\t<a href=\"https:\/\/cofradiadeldesarme.com\" title=\"Home\">Home<\/a>\n\t\t<\/span><span class=\"aioseo-breadcrumb-separator\">&raquo;<\/span><span class=\"aioseo-breadcrumb\">\n\t\t\t<a href=\"https:\/\/cofradiadeldesarme.com\/?cat=69\" title=\"Noticias\">Noticias<\/a>\n\t\t<\/span><span class=\"aioseo-breadcrumb-separator\">&raquo;<\/span><span class=\"aioseo-breadcrumb\">\n\t\t\tCamilo de Blas, Premio Nacional de Comercio\n\t\t<\/span><\/div>","aioseo_breadcrumb_json":[{"label":"Home","link":"https:\/\/cofradiadeldesarme.com"},{"label":"Noticias","link":"https:\/\/cofradiadeldesarme.com\/?cat=69"},{"label":"Camilo de Blas, Premio Nacional de Comercio","link":"https:\/\/cofradiadeldesarme.com\/?p=3457"}],"acf":[],"_links":{"self":[{"href":"https:\/\/cofradiadeldesarme.com\/index.php?rest_route=\/wp\/v2\/posts\/3457","targetHints":{"allow":["GET"]}}],"collection":[{"href":"https:\/\/cofradiadeldesarme.com\/index.php?rest_route=\/wp\/v2\/posts"}],"about":[{"href":"https:\/\/cofradiadeldesarme.com\/index.php?rest_route=\/wp\/v2\/types\/post"}],"author":[{"embeddable":true,"href":"https:\/\/cofradiadeldesarme.com\/index.php?rest_route=\/wp\/v2\/users\/1"}],"replies":[{"embeddable":true,"href":"https:\/\/cofradiadeldesarme.com\/index.php?rest_route=%2Fwp%2Fv2%2Fcomments&post=3457"}],"version-history":[{"count":8,"href":"https:\/\/cofradiadeldesarme.com\/index.php?rest_route=\/wp\/v2\/posts\/3457\/revisions"}],"predecessor-version":[{"id":3470,"href":"https:\/\/cofradiadeldesarme.com\/index.php?rest_route=\/wp\/v2\/posts\/3457\/revisions\/3470"}],"wp:featuredmedia":[{"embeddable":true,"href":"https:\/\/cofradiadeldesarme.com\/index.php?rest_route=\/wp\/v2\/media\/3463"}],"wp:attachment":[{"href":"https:\/\/cofradiadeldesarme.com\/index.php?rest_route=%2Fwp%2Fv2%2Fmedia&parent=3457"}],"wp:term":[{"taxonomy":"category","embeddable":true,"href":"https:\/\/cofradiadeldesarme.com\/index.php?rest_route=%2Fwp%2Fv2%2Fcategories&post=3457"},{"taxonomy":"post_tag","embeddable":true,"href":"https:\/\/cofradiadeldesarme.com\/index.php?rest_route=%2Fwp%2Fv2%2Ftags&post=3457"}],"curies":[{"name":"wp","href":"https:\/\/api.w.org\/{rel}","templated":true}]}}