{"id":4177,"date":"2025-09-09T16:36:31","date_gmt":"2025-09-09T16:36:31","guid":{"rendered":"https:\/\/cofradiadeldesarme.com\/?p=4177"},"modified":"2025-09-09T16:38:53","modified_gmt":"2025-09-09T16:38:53","slug":"inscripciones-al-xiii-capitulo-de-la-cofradia-del-desarme","status":"publish","type":"post","link":"https:\/\/cofradiadeldesarme.com\/?p=4177","title":{"rendered":"Inscripciones al XIII Cap\u00edtulo de la Cofrad\u00eda del Desarme"},"content":{"rendered":"\t\t<div data-elementor-type=\"wp-post\" data-elementor-id=\"4177\" class=\"elementor elementor-4177\" data-elementor-post-type=\"post\">\n\t\t\t\t<div class=\"elementor-element elementor-element-701e432 e-flex e-con-boxed e-con e-parent\" data-id=\"701e432\" data-element_type=\"container\" data-e-type=\"container\">\n\t\t\t\t\t<div class=\"e-con-inner\">\n\t\t\t\t<div class=\"elementor-element elementor-element-18cdb2d elementor-widget elementor-widget-heading\" data-id=\"18cdb2d\" data-element_type=\"widget\" data-e-type=\"widget\" data-widget_type=\"heading.default\">\n\t\t\t\t\t<div class=\"elementor-heading-title elementor-size-default\">Un a\u00f1o m\u00e1s, nuestra Cofrad\u00eda celebra el Gran Cap\u00edtulo. \u00a1Bienvenido!<\/div>\t\t\t\t<\/div>\n\t\t\t\t<div class=\"elementor-element elementor-element-8109124 elementor-widget elementor-widget-text-editor\" data-id=\"8109124\" data-element_type=\"widget\" data-e-type=\"widget\" data-widget_type=\"text-editor.default\">\n\t\t\t\t\t\t\t\t\t<p>Ya est\u00e1n abiertas las inscripciones para el XIII Cap\u00edtulo de nuestra Cofrad\u00eda, que se celebrar\u00e1 el s\u00e1bado 25 de octubre. Tambi\u00e9n puedes inscribirte a la Espicha y recepci\u00f3n del viernes 24 de octubre.<\/p>\t\t\t\t\t\t\t\t<\/div>\n\t\t\t\t<div class=\"elementor-element elementor-element-7ecebd9 elementor-align-center elementor-widget elementor-widget-button\" data-id=\"7ecebd9\" data-element_type=\"widget\" data-e-type=\"widget\" data-widget_type=\"button.default\">\n\t\t\t\t\t\t\t\t\t\t<a class=\"elementor-button elementor-button-link elementor-size-sm\" href=\"https:\/\/cofradiadeldesarme.com\/inscripciones-al-xiii-capitulo-de-la-cofradia-del-desarme\/\">\n\t\t\t\t\t\t<span class=\"elementor-button-content-wrapper\">\n\t\t\t\t\t\t\t\t\t<span class=\"elementor-button-text\">Inscripciones<\/span>\n\t\t\t\t\t<\/span>\n\t\t\t\t\t<\/a>\n\t\t\t\t\t\t\t\t<\/div>\n\t\t\t\t\t<\/div>\n\t\t\t\t<\/div>\n\t\t\t\t<\/div>\n\t\t","protected":false},"excerpt":{"rendered":"<p>Ya est\u00e1n abiertas las inscripciones para el XIII Cap\u00edtulo de nuestra Cofrad\u00eda, que se celebrar\u00e1 el s\u00e1bado 25 de octubre. Tambi\u00e9n puedes inscribirte a la Espicha y recepci\u00f3n del viernes 24 de octubre.<\/p>\n","protected":false},"author":1,"featured_media":4179,"comment_status":"closed","ping_status":"closed","sticky":false,"template":"","format":"standard","meta":{"_acf_changed":false,"footnotes":""},"categories":[68,69,90,91],"tags":[],"class_list":["post-4177","post","type-post","status-publish","format-standard","has-post-thumbnail","hentry","category-capitulos","category-noticias","category-nuestra-cofradia","category-sociedad"],"aioseo_notices":[],"aioseo_head":"\n\t\t<!-- All in One SEO 5.0.1.1 - aioseo.com -->\n\t<meta name=\"description\" content=\"Ya est\u00e1n abiertas las inscripciones para el XIII Cap\u00edtulo de nuestra Cofrad\u00eda, que se celebrar\u00e1 el s\u00e1bado 25 de octubre. Tambi\u00e9n puedes inscribirte a la Espicha y recepci\u00f3n del viernes 24 de octubre.\" \/>\n\t<meta name=\"robots\" content=\"noindex, nofollow, max-image-preview:large\" \/>\n\t<meta name=\"author\" content=\"admin\"\/>\n\t<meta name=\"google-site-verification\" content=\"TeADORbnbuzbAYnSXlpdGfN9bzDT493vArWGYaN822Y\" \/>\n\t<link rel=\"canonical\" href=\"https:\/\/cofradiadeldesarme.com\/?p=4177\" \/>\n\t<meta name=\"generator\" content=\"All in One SEO (AIOSEO) 5.0.1.1\" \/>\n\t\t<meta property=\"og:locale\" content=\"es_ES\" \/>\n\t\t<meta property=\"og:site_name\" content=\"El Desarme de Oviedo - La Fiesta Gastron\u00f3mica m\u00e1s antigua de Espa\u00f1a\" \/>\n\t\t<meta property=\"og:type\" content=\"article\" \/>\n\t\t<meta property=\"og:title\" content=\"Inscripciones al XIII Cap\u00edtulo de la Cofrad\u00eda del Desarme - El Desarme de Oviedo\" \/>\n\t\t<meta property=\"og:description\" content=\"Ya est\u00e1n abiertas las inscripciones para el XIII Cap\u00edtulo de nuestra Cofrad\u00eda, que se celebrar\u00e1 el s\u00e1bado 25 de octubre. Tambi\u00e9n puedes inscribirte a la Espicha y recepci\u00f3n del viernes 24 de octubre.\" \/>\n\t\t<meta property=\"og:url\" content=\"https:\/\/cofradiadeldesarme.com\/?p=4177\" \/>\n\t\t<meta property=\"og:image\" content=\"https:\/\/cofradiadeldesarme.com\/wp-content\/uploads\/2025\/04\/logo-El-Desarme-min.png\" \/>\n\t\t<meta property=\"og:image:secure_url\" content=\"https:\/\/cofradiadeldesarme.com\/wp-content\/uploads\/2025\/04\/logo-El-Desarme-min.png\" \/>\n\t\t<meta property=\"article:published_time\" content=\"2025-09-09T16:36:31+00:00\" \/>\n\t\t<meta property=\"article:modified_time\" content=\"2025-09-09T16:38:53+00:00\" \/>\n\t\t<meta name=\"twitter:card\" content=\"summary_large_image\" \/>\n\t\t<meta name=\"twitter:title\" content=\"Inscripciones al XIII Cap\u00edtulo de la Cofrad\u00eda del Desarme - El Desarme de Oviedo\" \/>\n\t\t<meta name=\"twitter:description\" content=\"Ya est\u00e1n abiertas las inscripciones para el XIII Cap\u00edtulo de nuestra Cofrad\u00eda, que se celebrar\u00e1 el s\u00e1bado 25 de octubre. Tambi\u00e9n puedes inscribirte a la Espicha y recepci\u00f3n del viernes 24 de octubre.\" \/>\n\t\t<meta name=\"twitter:image\" content=\"https:\/\/cofradiadeldesarme.com\/wp-content\/uploads\/2025\/04\/logo-El-Desarme-min.png\" \/>\n\t\t<script type=\"application\/ld+json\" class=\"aioseo-schema\">\n\t\t\t{\"@context\":\"https:\\\/\\\/schema.org\",\"@graph\":[{\"@type\":\"BlogPosting\",\"@id\":\"https:\\\/\\\/cofradiadeldesarme.com\\\/?p=4177#blogposting\",\"name\":\"Inscripciones al XIII Cap\\u00edtulo de la Cofrad\\u00eda del Desarme - El Desarme de Oviedo\",\"headline\":\"Inscripciones al XIII Cap\\u00edtulo de la Cofrad\\u00eda del Desarme\",\"author\":{\"@id\":\"https:\\\/\\\/cofradiadeldesarme.com\\\/?author=1#author\"},\"publisher\":{\"@id\":\"https:\\\/\\\/cofradiadeldesarme.com\\\/#organization\"},\"image\":{\"@type\":\"ImageObject\",\"url\":\"https:\\\/\\\/cofradiadeldesarme.com\\\/wp-content\\\/uploads\\\/2025\\\/09\\\/Inscripciones-al-XIII-Capitulo.avif\",\"width\":1560,\"height\":1170},\"datePublished\":\"2025-09-09T16:36:31+02:00\",\"dateModified\":\"2025-09-09T16:38:53+02:00\",\"inLanguage\":\"es-ES\",\"mainEntityOfPage\":{\"@id\":\"https:\\\/\\\/cofradiadeldesarme.com\\\/?p=4177#webpage\"},\"isPartOf\":{\"@id\":\"https:\\\/\\\/cofradiadeldesarme.com\\\/?p=4177#webpage\"},\"articleSection\":\"Cap\\u00edtulos, Noticias, Nuestra Cofrad\\u00eda, Sociedad\"},{\"@type\":\"BreadcrumbList\",\"@id\":\"https:\\\/\\\/cofradiadeldesarme.com\\\/?p=4177#breadcrumblist\",\"itemListElement\":[{\"@type\":\"ListItem\",\"@id\":\"https:\\\/\\\/cofradiadeldesarme.com#listItem\",\"position\":1,\"name\":\"Home\",\"item\":\"https:\\\/\\\/cofradiadeldesarme.com\",\"nextItem\":{\"@type\":\"ListItem\",\"@id\":\"https:\\\/\\\/cofradiadeldesarme.com\\\/?cat=68#listItem\",\"name\":\"Cap\\u00edtulos\"}},{\"@type\":\"ListItem\",\"@id\":\"https:\\\/\\\/cofradiadeldesarme.com\\\/?cat=68#listItem\",\"position\":2,\"name\":\"Cap\\u00edtulos\",\"item\":\"https:\\\/\\\/cofradiadeldesarme.com\\\/?cat=68\",\"nextItem\":{\"@type\":\"ListItem\",\"@id\":\"https:\\\/\\\/cofradiadeldesarme.com\\\/?p=4177#listItem\",\"name\":\"Inscripciones al XIII Cap\\u00edtulo de la Cofrad\\u00eda del Desarme\"},\"previousItem\":{\"@type\":\"ListItem\",\"@id\":\"https:\\\/\\\/cofradiadeldesarme.com#listItem\",\"name\":\"Home\"}},{\"@type\":\"ListItem\",\"@id\":\"https:\\\/\\\/cofradiadeldesarme.com\\\/?p=4177#listItem\",\"position\":3,\"name\":\"Inscripciones al XIII Cap\\u00edtulo de la Cofrad\\u00eda del Desarme\",\"previousItem\":{\"@type\":\"ListItem\",\"@id\":\"https:\\\/\\\/cofradiadeldesarme.com\\\/?cat=68#listItem\",\"name\":\"Cap\\u00edtulos\"}}]},{\"@type\":\"Organization\",\"@id\":\"https:\\\/\\\/cofradiadeldesarme.com\\\/#organization\",\"name\":\"El Desarme de Oviedo\",\"description\":\"La Fiesta Gastron\\u00f3mica m\\u00e1s antigua de Espa\\u00f1a\",\"url\":\"https:\\\/\\\/cofradiadeldesarme.com\\\/\",\"logo\":{\"@type\":\"ImageObject\",\"url\":\"https:\\\/\\\/cofradiadeldesarme.com\\\/wp-content\\\/uploads\\\/2025\\\/04\\\/logo-El-Desarme-min.png\",\"@id\":\"https:\\\/\\\/cofradiadeldesarme.com\\\/?p=4177\\\/#organizationLogo\",\"width\":400,\"height\":190},\"image\":{\"@id\":\"https:\\\/\\\/cofradiadeldesarme.com\\\/?p=4177\\\/#organizationLogo\"}},{\"@type\":\"Person\",\"@id\":\"https:\\\/\\\/cofradiadeldesarme.com\\\/?author=1#author\",\"url\":\"https:\\\/\\\/cofradiadeldesarme.com\\\/?author=1\",\"name\":\"admin\",\"image\":{\"@type\":\"ImageObject\",\"@id\":\"https:\\\/\\\/cofradiadeldesarme.com\\\/?p=4177#authorImage\",\"url\":\"https:\\\/\\\/secure.gravatar.com\\\/avatar\\\/5b3b35fcdad2531878232d2b4e458c1ee82d583e8b6931927916a062e9e58402?s=96&d=mm&r=g\",\"width\":96,\"height\":96,\"caption\":\"admin\"}},{\"@type\":\"WebPage\",\"@id\":\"https:\\\/\\\/cofradiadeldesarme.com\\\/?p=4177#webpage\",\"url\":\"https:\\\/\\\/cofradiadeldesarme.com\\\/?p=4177\",\"name\":\"Inscripciones al XIII Cap\\u00edtulo de la Cofrad\\u00eda del Desarme - El Desarme de Oviedo\",\"description\":\"Ya est\\u00e1n abiertas las inscripciones para el XIII Cap\\u00edtulo de nuestra Cofrad\\u00eda, que se celebrar\\u00e1 el s\\u00e1bado 25 de octubre. Tambi\\u00e9n puedes inscribirte a la Espicha y recepci\\u00f3n del viernes 24 de octubre.\",\"inLanguage\":\"es-ES\",\"isPartOf\":{\"@id\":\"https:\\\/\\\/cofradiadeldesarme.com\\\/#website\"},\"breadcrumb\":{\"@id\":\"https:\\\/\\\/cofradiadeldesarme.com\\\/?p=4177#breadcrumblist\"},\"author\":{\"@id\":\"https:\\\/\\\/cofradiadeldesarme.com\\\/?author=1#author\"},\"creator\":{\"@id\":\"https:\\\/\\\/cofradiadeldesarme.com\\\/?author=1#author\"},\"image\":{\"@type\":\"ImageObject\",\"url\":\"https:\\\/\\\/cofradiadeldesarme.com\\\/wp-content\\\/uploads\\\/2025\\\/09\\\/Inscripciones-al-XIII-Capitulo.avif\",\"@id\":\"https:\\\/\\\/cofradiadeldesarme.com\\\/?p=4177\\\/#mainImage\",\"width\":1560,\"height\":1170},\"primaryImageOfPage\":{\"@id\":\"https:\\\/\\\/cofradiadeldesarme.com\\\/?p=4177#mainImage\"},\"datePublished\":\"2025-09-09T16:36:31+02:00\",\"dateModified\":\"2025-09-09T16:38:53+02:00\"},{\"@type\":\"WebSite\",\"@id\":\"https:\\\/\\\/cofradiadeldesarme.com\\\/#website\",\"url\":\"https:\\\/\\\/cofradiadeldesarme.com\\\/\",\"name\":\"El Desarme de Oviedo\",\"description\":\"La Fiesta Gastron\\u00f3mica m\\u00e1s antigua de Espa\\u00f1a\",\"inLanguage\":\"es-ES\",\"publisher\":{\"@id\":\"https:\\\/\\\/cofradiadeldesarme.com\\\/#organization\"}}]}\n\t\t<\/script>\n\t\t<!-- All in One SEO -->\n\n","aioseo_head_json":{"title":"Inscripciones al XIII Cap\u00edtulo de la Cofrad\u00eda del Desarme - El Desarme de Oviedo","description":"Ya est\u00e1n abiertas las inscripciones para el XIII Cap\u00edtulo de nuestra Cofrad\u00eda, que se celebrar\u00e1 el s\u00e1bado 25 de octubre. Tambi\u00e9n puedes inscribirte a la Espicha y recepci\u00f3n del viernes 24 de octubre.","canonical_url":"https:\/\/cofradiadeldesarme.com\/?p=4177","robots":"noindex, nofollow, max-image-preview:large","keywords":"","webmasterTools":{"google-site-verification":"TeADORbnbuzbAYnSXlpdGfN9bzDT493vArWGYaN822Y","miscellaneous":""},"schema":{"@context":"https:\/\/schema.org","@graph":[{"@type":"BlogPosting","@id":"https:\/\/cofradiadeldesarme.com\/?p=4177#blogposting","name":"Inscripciones al XIII Cap\u00edtulo de la Cofrad\u00eda del Desarme - El Desarme de Oviedo","headline":"Inscripciones al XIII Cap\u00edtulo de la Cofrad\u00eda del Desarme","author":{"@id":"https:\/\/cofradiadeldesarme.com\/?author=1#author"},"publisher":{"@id":"https:\/\/cofradiadeldesarme.com\/#organization"},"image":{"@type":"ImageObject","url":"https:\/\/cofradiadeldesarme.com\/wp-content\/uploads\/2025\/09\/Inscripciones-al-XIII-Capitulo.avif","width":1560,"height":1170},"datePublished":"2025-09-09T16:36:31+02:00","dateModified":"2025-09-09T16:38:53+02:00","inLanguage":"es-ES","mainEntityOfPage":{"@id":"https:\/\/cofradiadeldesarme.com\/?p=4177#webpage"},"isPartOf":{"@id":"https:\/\/cofradiadeldesarme.com\/?p=4177#webpage"},"articleSection":"Cap\u00edtulos, Noticias, Nuestra Cofrad\u00eda, Sociedad"},{"@type":"BreadcrumbList","@id":"https:\/\/cofradiadeldesarme.com\/?p=4177#breadcrumblist","itemListElement":[{"@type":"ListItem","@id":"https:\/\/cofradiadeldesarme.com#listItem","position":1,"name":"Home","item":"https:\/\/cofradiadeldesarme.com","nextItem":{"@type":"ListItem","@id":"https:\/\/cofradiadeldesarme.com\/?cat=68#listItem","name":"Cap\u00edtulos"}},{"@type":"ListItem","@id":"https:\/\/cofradiadeldesarme.com\/?cat=68#listItem","position":2,"name":"Cap\u00edtulos","item":"https:\/\/cofradiadeldesarme.com\/?cat=68","nextItem":{"@type":"ListItem","@id":"https:\/\/cofradiadeldesarme.com\/?p=4177#listItem","name":"Inscripciones al XIII Cap\u00edtulo de la Cofrad\u00eda del Desarme"},"previousItem":{"@type":"ListItem","@id":"https:\/\/cofradiadeldesarme.com#listItem","name":"Home"}},{"@type":"ListItem","@id":"https:\/\/cofradiadeldesarme.com\/?p=4177#listItem","position":3,"name":"Inscripciones al XIII Cap\u00edtulo de la Cofrad\u00eda del Desarme","previousItem":{"@type":"ListItem","@id":"https:\/\/cofradiadeldesarme.com\/?cat=68#listItem","name":"Cap\u00edtulos"}}]},{"@type":"Organization","@id":"https:\/\/cofradiadeldesarme.com\/#organization","name":"El Desarme de Oviedo","description":"La Fiesta Gastron\u00f3mica m\u00e1s antigua de Espa\u00f1a","url":"https:\/\/cofradiadeldesarme.com\/","logo":{"@type":"ImageObject","url":"https:\/\/cofradiadeldesarme.com\/wp-content\/uploads\/2025\/04\/logo-El-Desarme-min.png","@id":"https:\/\/cofradiadeldesarme.com\/?p=4177\/#organizationLogo","width":400,"height":190},"image":{"@id":"https:\/\/cofradiadeldesarme.com\/?p=4177\/#organizationLogo"}},{"@type":"Person","@id":"https:\/\/cofradiadeldesarme.com\/?author=1#author","url":"https:\/\/cofradiadeldesarme.com\/?author=1","name":"admin","image":{"@type":"ImageObject","@id":"https:\/\/cofradiadeldesarme.com\/?p=4177#authorImage","url":"https:\/\/secure.gravatar.com\/avatar\/5b3b35fcdad2531878232d2b4e458c1ee82d583e8b6931927916a062e9e58402?s=96&d=mm&r=g","width":96,"height":96,"caption":"admin"}},{"@type":"WebPage","@id":"https:\/\/cofradiadeldesarme.com\/?p=4177#webpage","url":"https:\/\/cofradiadeldesarme.com\/?p=4177","name":"Inscripciones al XIII Cap\u00edtulo de la Cofrad\u00eda del Desarme - El Desarme de Oviedo","description":"Ya est\u00e1n abiertas las inscripciones para el XIII Cap\u00edtulo de nuestra Cofrad\u00eda, que se celebrar\u00e1 el s\u00e1bado 25 de octubre. Tambi\u00e9n puedes inscribirte a la Espicha y recepci\u00f3n del viernes 24 de octubre.","inLanguage":"es-ES","isPartOf":{"@id":"https:\/\/cofradiadeldesarme.com\/#website"},"breadcrumb":{"@id":"https:\/\/cofradiadeldesarme.com\/?p=4177#breadcrumblist"},"author":{"@id":"https:\/\/cofradiadeldesarme.com\/?author=1#author"},"creator":{"@id":"https:\/\/cofradiadeldesarme.com\/?author=1#author"},"image":{"@type":"ImageObject","url":"https:\/\/cofradiadeldesarme.com\/wp-content\/uploads\/2025\/09\/Inscripciones-al-XIII-Capitulo.avif","@id":"https:\/\/cofradiadeldesarme.com\/?p=4177\/#mainImage","width":1560,"height":1170},"primaryImageOfPage":{"@id":"https:\/\/cofradiadeldesarme.com\/?p=4177#mainImage"},"datePublished":"2025-09-09T16:36:31+02:00","dateModified":"2025-09-09T16:38:53+02:00"},{"@type":"WebSite","@id":"https:\/\/cofradiadeldesarme.com\/#website","url":"https:\/\/cofradiadeldesarme.com\/","name":"El Desarme de Oviedo","description":"La Fiesta Gastron\u00f3mica m\u00e1s antigua de Espa\u00f1a","inLanguage":"es-ES","publisher":{"@id":"https:\/\/cofradiadeldesarme.com\/#organization"}}]},"og:locale":"es_ES","og:site_name":"El Desarme de Oviedo - La Fiesta Gastron\u00f3mica m\u00e1s antigua de Espa\u00f1a","og:type":"article","og:title":"Inscripciones al XIII Cap\u00edtulo de la Cofrad\u00eda del Desarme - El Desarme de Oviedo","og:description":"Ya est\u00e1n abiertas las inscripciones para el XIII Cap\u00edtulo de nuestra Cofrad\u00eda, que se celebrar\u00e1 el s\u00e1bado 25 de octubre. Tambi\u00e9n puedes inscribirte a la Espicha y recepci\u00f3n del viernes 24 de octubre.","og:url":"https:\/\/cofradiadeldesarme.com\/?p=4177","og:image":"https:\/\/cofradiadeldesarme.com\/wp-content\/uploads\/2025\/04\/logo-El-Desarme-min.png","og:image:secure_url":"https:\/\/cofradiadeldesarme.com\/wp-content\/uploads\/2025\/04\/logo-El-Desarme-min.png","article:published_time":"2025-09-09T16:36:31+00:00","article:modified_time":"2025-09-09T16:38:53+00:00","twitter:card":"summary_large_image","twitter:title":"Inscripciones al XIII Cap\u00edtulo de la Cofrad\u00eda del Desarme - El Desarme de Oviedo","twitter:description":"Ya est\u00e1n abiertas las inscripciones para el XIII Cap\u00edtulo de nuestra Cofrad\u00eda, que se celebrar\u00e1 el s\u00e1bado 25 de octubre. Tambi\u00e9n puedes inscribirte a la Espicha y recepci\u00f3n del viernes 24 de octubre.","twitter:image":"https:\/\/cofradiadeldesarme.com\/wp-content\/uploads\/2025\/04\/logo-El-Desarme-min.png"},"aioseo_meta_data":{"post_id":"4177","title":"#post_title #separator_sa #site_title","description":"#post_excerpt","keywords":null,"keyphrases":null,"primary_term":null,"canonical_url":null,"og_title":null,"og_description":null,"og_object_type":"default","og_image_type":"default","og_image_url":null,"og_image_width":null,"og_image_height":null,"og_image_custom_url":null,"og_image_custom_fields":null,"og_video":null,"og_custom_url":null,"og_article_section":null,"og_article_tags":null,"twitter_use_og":false,"twitter_card":"default","twitter_image_type":"default","twitter_image_url":null,"twitter_image_custom_url":null,"twitter_image_custom_fields":null,"twitter_title":null,"twitter_description":null,"schema":{"blockGraphs":[],"customGraphs":[],"default":{"data":{"Article":[],"Course":[],"Dataset":[],"FAQPage":[],"Movie":[],"Person":[],"Product":[],"ProductReview":[],"Car":[],"Recipe":[],"Service":[],"SoftwareApplication":[],"WebPage":[]},"graphName":"","isEnabled":true},"graphs":[]},"schema_type":"default","schema_type_options":null,"pillar_content":false,"robots_default":true,"robots_noindex":false,"robots_noarchive":false,"robots_nosnippet":false,"robots_nofollow":false,"robots_noimageindex":false,"robots_noodp":false,"robots_notranslate":false,"robots_max_snippet":null,"robots_max_videopreview":null,"robots_max_imagepreview":"large","priority":null,"frequency":null,"local_seo":null,"breadcrumb_settings":null,"limit_modified_date":false,"ai":null,"created":"2025-09-09 16:25:33","updated":"2025-09-09 16:49:13","seo_analyzer_scan_date":null,"focus_keyword":null,"additional_keywords":null,"truseo_locale":null},"aioseo_breadcrumb":"<div class=\"aioseo-breadcrumbs\"><span class=\"aioseo-breadcrumb\">\n\t\t\t<a href=\"https:\/\/cofradiadeldesarme.com\" title=\"Home\">Home<\/a>\n\t\t<\/span><span class=\"aioseo-breadcrumb-separator\">&raquo;<\/span><span class=\"aioseo-breadcrumb\">\n\t\t\t<a href=\"https:\/\/cofradiadeldesarme.com\/?cat=68\" title=\"Cap\u00edtulos\">Cap\u00edtulos<\/a>\n\t\t<\/span><span class=\"aioseo-breadcrumb-separator\">&raquo;<\/span><span class=\"aioseo-breadcrumb\">\n\t\t\tInscripciones al XIII Cap\u00edtulo de la Cofrad\u00eda del Desarme\n\t\t<\/span><\/div>","aioseo_breadcrumb_json":[{"label":"Home","link":"https:\/\/cofradiadeldesarme.com"},{"label":"Cap\u00edtulos","link":"https:\/\/cofradiadeldesarme.com\/?cat=68"},{"label":"Inscripciones al XIII Cap\u00edtulo de la Cofrad\u00eda del Desarme","link":"https:\/\/cofradiadeldesarme.com\/?p=4177"}],"acf":[],"_links":{"self":[{"href":"https:\/\/cofradiadeldesarme.com\/index.php?rest_route=\/wp\/v2\/posts\/4177","targetHints":{"allow":["GET"]}}],"collection":[{"href":"https:\/\/cofradiadeldesarme.com\/index.php?rest_route=\/wp\/v2\/posts"}],"about":[{"href":"https:\/\/cofradiadeldesarme.com\/index.php?rest_route=\/wp\/v2\/types\/post"}],"author":[{"embeddable":true,"href":"https:\/\/cofradiadeldesarme.com\/index.php?rest_route=\/wp\/v2\/users\/1"}],"replies":[{"embeddable":true,"href":"https:\/\/cofradiadeldesarme.com\/index.php?rest_route=%2Fwp%2Fv2%2Fcomments&post=4177"}],"version-history":[{"count":4,"href":"https:\/\/cofradiadeldesarme.com\/index.php?rest_route=\/wp\/v2\/posts\/4177\/revisions"}],"predecessor-version":[{"id":4187,"href":"https:\/\/cofradiadeldesarme.com\/index.php?rest_route=\/wp\/v2\/posts\/4177\/revisions\/4187"}],"wp:featuredmedia":[{"embeddable":true,"href":"https:\/\/cofradiadeldesarme.com\/index.php?rest_route=\/wp\/v2\/media\/4179"}],"wp:attachment":[{"href":"https:\/\/cofradiadeldesarme.com\/index.php?rest_route=%2Fwp%2Fv2%2Fmedia&parent=4177"}],"wp:term":[{"taxonomy":"category","embeddable":true,"href":"https:\/\/cofradiadeldesarme.com\/index.php?rest_route=%2Fwp%2Fv2%2Fcategories&post=4177"},{"taxonomy":"post_tag","embeddable":true,"href":"https:\/\/cofradiadeldesarme.com\/index.php?rest_route=%2Fwp%2Fv2%2Ftags&post=4177"}],"curies":[{"name":"wp","href":"https:\/\/api.w.org\/{rel}","templated":true}]}}