{"id":548,"date":"2017-11-05T22:23:10","date_gmt":"2017-11-05T22:23:10","guid":{"rendered":"https:\/\/cofradiadeldesarme.com\/?p=548"},"modified":"2017-11-05T22:23:10","modified_gmt":"2017-11-05T22:23:10","slug":"iv-capitulo-de-la-cofradia-de-los-siceratores","status":"publish","type":"post","link":"https:\/\/cofradiadeldesarme.com\/?p=548","title":{"rendered":"IV Cap\u00edtulo de la Cofrad\u00eda de los Siceratores"},"content":{"rendered":"","protected":false},"excerpt":{"rendered":"\n<p style=\"color: #ffffff\">Excelente Gran Cap\u00edtulo el que brindaron los Siceratores, con visita al Museo de la Sidra de Asturias, incluyendo una bonita ceremonia en el sal\u00f3n de actos del museo donde se nombraron cofrades de honor al cantante mierense V\u00edctor Manuel, el promotor musical Lisardo Lombard\u00eda y al Club de Guisanderas<\/p>\n","protected":false},"author":1,"featured_media":549,"comment_status":"closed","ping_status":"closed","sticky":false,"template":"","format":"standard","meta":{"_acf_changed":false,"footnotes":""},"categories":[69],"tags":[],"class_list":["post-548","post","type-post","status-publish","format-standard","has-post-thumbnail","hentry","category-noticias"],"aioseo_notices":[],"aioseo_head":"\n\t\t<!-- All in One SEO 5.0.1.1 - aioseo.com -->\n\t<meta name=\"description\" content=\"Excelente Gran Cap\u00edtulo el que brindaron los Siceratores, con visita al Museo de la Sidra de Asturias, incluyendo una bonita ceremonia en el sal\u00f3n de actos del museo donde se nombraron cofrades de honor al cantante mierense V\u00edctor Manuel, el promotor musical Lisardo Lombard\u00eda y al Club de Guisanderas\" \/>\n\t<meta name=\"robots\" content=\"noindex, nofollow, max-image-preview:large\" \/>\n\t<meta name=\"author\" content=\"admin\"\/>\n\t<meta name=\"google-site-verification\" content=\"TeADORbnbuzbAYnSXlpdGfN9bzDT493vArWGYaN822Y\" \/>\n\t<link rel=\"canonical\" href=\"https:\/\/cofradiadeldesarme.com\/?p=548\" \/>\n\t<meta name=\"generator\" content=\"All in One SEO (AIOSEO) 5.0.1.1\" \/>\n\t\t<meta property=\"og:locale\" content=\"es_ES\" \/>\n\t\t<meta property=\"og:site_name\" content=\"El Desarme de Oviedo - La Fiesta Gastron\u00f3mica m\u00e1s antigua de Espa\u00f1a\" \/>\n\t\t<meta property=\"og:type\" content=\"article\" \/>\n\t\t<meta property=\"og:title\" content=\"IV Cap\u00edtulo de la Cofrad\u00eda de los Siceratores - El Desarme de Oviedo\" \/>\n\t\t<meta property=\"og:description\" content=\"Excelente Gran Cap\u00edtulo el que brindaron los Siceratores, con visita al Museo de la Sidra de Asturias, incluyendo una bonita ceremonia en el sal\u00f3n de actos del museo donde se nombraron cofrades de honor al cantante mierense V\u00edctor Manuel, el promotor musical Lisardo Lombard\u00eda y al Club de Guisanderas\" \/>\n\t\t<meta property=\"og:url\" content=\"https:\/\/cofradiadeldesarme.com\/?p=548\" \/>\n\t\t<meta property=\"og:image\" content=\"https:\/\/cofradiadeldesarme.com\/wp-content\/uploads\/2025\/04\/logo-El-Desarme-min.png\" \/>\n\t\t<meta property=\"og:image:secure_url\" content=\"https:\/\/cofradiadeldesarme.com\/wp-content\/uploads\/2025\/04\/logo-El-Desarme-min.png\" \/>\n\t\t<meta property=\"article:published_time\" content=\"2017-11-05T22:23:10+00:00\" \/>\n\t\t<meta property=\"article:modified_time\" content=\"2017-11-05T22:23:10+00:00\" \/>\n\t\t<meta name=\"twitter:card\" content=\"summary_large_image\" \/>\n\t\t<meta name=\"twitter:title\" content=\"IV Cap\u00edtulo de la Cofrad\u00eda de los Siceratores - El Desarme de Oviedo\" \/>\n\t\t<meta name=\"twitter:description\" content=\"Excelente Gran Cap\u00edtulo el que brindaron los Siceratores, con visita al Museo de la Sidra de Asturias, incluyendo una bonita ceremonia en el sal\u00f3n de actos del museo donde se nombraron cofrades de honor al cantante mierense V\u00edctor Manuel, el promotor musical Lisardo Lombard\u00eda y al Club de Guisanderas\" \/>\n\t\t<meta name=\"twitter:image\" content=\"https:\/\/cofradiadeldesarme.com\/wp-content\/uploads\/2025\/04\/logo-El-Desarme-min.png\" \/>\n\t\t<script type=\"application\/ld+json\" class=\"aioseo-schema\">\n\t\t\t{\"@context\":\"https:\\\/\\\/schema.org\",\"@graph\":[{\"@type\":\"BlogPosting\",\"@id\":\"https:\\\/\\\/cofradiadeldesarme.com\\\/?p=548#blogposting\",\"name\":\"IV Cap\\u00edtulo de la Cofrad\\u00eda de los Siceratores - El Desarme de Oviedo\",\"headline\":\"IV Cap\\u00edtulo de la Cofrad\\u00eda de los Siceratores\",\"author\":{\"@id\":\"https:\\\/\\\/cofradiadeldesarme.com\\\/?author=1#author\"},\"publisher\":{\"@id\":\"https:\\\/\\\/cofradiadeldesarme.com\\\/#organization\"},\"image\":{\"@type\":\"ImageObject\",\"url\":549},\"datePublished\":\"2017-11-05T22:23:10+01:00\",\"dateModified\":\"2017-11-05T22:23:10+01:00\",\"inLanguage\":\"es-ES\",\"mainEntityOfPage\":{\"@id\":\"https:\\\/\\\/cofradiadeldesarme.com\\\/?p=548#webpage\"},\"isPartOf\":{\"@id\":\"https:\\\/\\\/cofradiadeldesarme.com\\\/?p=548#webpage\"},\"articleSection\":\"Noticias\"},{\"@type\":\"BreadcrumbList\",\"@id\":\"https:\\\/\\\/cofradiadeldesarme.com\\\/?p=548#breadcrumblist\",\"itemListElement\":[{\"@type\":\"ListItem\",\"@id\":\"https:\\\/\\\/cofradiadeldesarme.com#listItem\",\"position\":1,\"name\":\"Home\",\"item\":\"https:\\\/\\\/cofradiadeldesarme.com\",\"nextItem\":{\"@type\":\"ListItem\",\"@id\":\"https:\\\/\\\/cofradiadeldesarme.com\\\/?cat=69#listItem\",\"name\":\"Noticias\"}},{\"@type\":\"ListItem\",\"@id\":\"https:\\\/\\\/cofradiadeldesarme.com\\\/?cat=69#listItem\",\"position\":2,\"name\":\"Noticias\",\"item\":\"https:\\\/\\\/cofradiadeldesarme.com\\\/?cat=69\",\"nextItem\":{\"@type\":\"ListItem\",\"@id\":\"https:\\\/\\\/cofradiadeldesarme.com\\\/?p=548#listItem\",\"name\":\"IV Cap\\u00edtulo de la Cofrad\\u00eda de los Siceratores\"},\"previousItem\":{\"@type\":\"ListItem\",\"@id\":\"https:\\\/\\\/cofradiadeldesarme.com#listItem\",\"name\":\"Home\"}},{\"@type\":\"ListItem\",\"@id\":\"https:\\\/\\\/cofradiadeldesarme.com\\\/?p=548#listItem\",\"position\":3,\"name\":\"IV Cap\\u00edtulo de la Cofrad\\u00eda de los Siceratores\",\"previousItem\":{\"@type\":\"ListItem\",\"@id\":\"https:\\\/\\\/cofradiadeldesarme.com\\\/?cat=69#listItem\",\"name\":\"Noticias\"}}]},{\"@type\":\"Organization\",\"@id\":\"https:\\\/\\\/cofradiadeldesarme.com\\\/#organization\",\"name\":\"El Desarme de Oviedo\",\"description\":\"La Fiesta Gastron\\u00f3mica m\\u00e1s antigua de Espa\\u00f1a\",\"url\":\"https:\\\/\\\/cofradiadeldesarme.com\\\/\",\"logo\":{\"@type\":\"ImageObject\",\"url\":\"https:\\\/\\\/cofradiadeldesarme.com\\\/wp-content\\\/uploads\\\/2025\\\/04\\\/logo-El-Desarme-min.png\",\"@id\":\"https:\\\/\\\/cofradiadeldesarme.com\\\/?p=548\\\/#organizationLogo\",\"width\":400,\"height\":190},\"image\":{\"@id\":\"https:\\\/\\\/cofradiadeldesarme.com\\\/?p=548\\\/#organizationLogo\"}},{\"@type\":\"Person\",\"@id\":\"https:\\\/\\\/cofradiadeldesarme.com\\\/?author=1#author\",\"url\":\"https:\\\/\\\/cofradiadeldesarme.com\\\/?author=1\",\"name\":\"admin\",\"image\":{\"@type\":\"ImageObject\",\"@id\":\"https:\\\/\\\/cofradiadeldesarme.com\\\/?p=548#authorImage\",\"url\":\"https:\\\/\\\/secure.gravatar.com\\\/avatar\\\/5b3b35fcdad2531878232d2b4e458c1ee82d583e8b6931927916a062e9e58402?s=96&d=mm&r=g\",\"width\":96,\"height\":96,\"caption\":\"admin\"}},{\"@type\":\"WebPage\",\"@id\":\"https:\\\/\\\/cofradiadeldesarme.com\\\/?p=548#webpage\",\"url\":\"https:\\\/\\\/cofradiadeldesarme.com\\\/?p=548\",\"name\":\"IV Cap\\u00edtulo de la Cofrad\\u00eda de los Siceratores - El Desarme de Oviedo\",\"description\":\"Excelente Gran Cap\\u00edtulo el que brindaron los Siceratores, con visita al Museo de la Sidra de Asturias, incluyendo una bonita ceremonia en el sal\\u00f3n de actos del museo donde se nombraron cofrades de honor al cantante mierense V\\u00edctor Manuel, el promotor musical Lisardo Lombard\\u00eda y al Club de Guisanderas\",\"inLanguage\":\"es-ES\",\"isPartOf\":{\"@id\":\"https:\\\/\\\/cofradiadeldesarme.com\\\/#website\"},\"breadcrumb\":{\"@id\":\"https:\\\/\\\/cofradiadeldesarme.com\\\/?p=548#breadcrumblist\"},\"author\":{\"@id\":\"https:\\\/\\\/cofradiadeldesarme.com\\\/?author=1#author\"},\"creator\":{\"@id\":\"https:\\\/\\\/cofradiadeldesarme.com\\\/?author=1#author\"},\"image\":{\"@type\":\"ImageObject\",\"url\":549,\"@id\":\"https:\\\/\\\/cofradiadeldesarme.com\\\/?p=548\\\/#mainImage\"},\"primaryImageOfPage\":{\"@id\":\"https:\\\/\\\/cofradiadeldesarme.com\\\/?p=548#mainImage\"},\"datePublished\":\"2017-11-05T22:23:10+01:00\",\"dateModified\":\"2017-11-05T22:23:10+01:00\"},{\"@type\":\"WebSite\",\"@id\":\"https:\\\/\\\/cofradiadeldesarme.com\\\/#website\",\"url\":\"https:\\\/\\\/cofradiadeldesarme.com\\\/\",\"name\":\"El Desarme de Oviedo\",\"description\":\"La Fiesta Gastron\\u00f3mica m\\u00e1s antigua de Espa\\u00f1a\",\"inLanguage\":\"es-ES\",\"publisher\":{\"@id\":\"https:\\\/\\\/cofradiadeldesarme.com\\\/#organization\"}}]}\n\t\t<\/script>\n\t\t<!-- All in One SEO -->\n\n","aioseo_head_json":{"title":"IV Cap\u00edtulo de la Cofrad\u00eda de los Siceratores - El Desarme de Oviedo","description":"Excelente Gran Cap\u00edtulo el que brindaron los Siceratores, con visita al Museo de la Sidra de Asturias, incluyendo una bonita ceremonia en el sal\u00f3n de actos del museo donde se nombraron cofrades de honor al cantante mierense V\u00edctor Manuel, el promotor musical Lisardo Lombard\u00eda y al Club de Guisanderas","canonical_url":"https:\/\/cofradiadeldesarme.com\/?p=548","robots":"noindex, nofollow, max-image-preview:large","keywords":"","webmasterTools":{"google-site-verification":"TeADORbnbuzbAYnSXlpdGfN9bzDT493vArWGYaN822Y","miscellaneous":""},"schema":{"@context":"https:\/\/schema.org","@graph":[{"@type":"BlogPosting","@id":"https:\/\/cofradiadeldesarme.com\/?p=548#blogposting","name":"IV Cap\u00edtulo de la Cofrad\u00eda de los Siceratores - El Desarme de Oviedo","headline":"IV Cap\u00edtulo de la Cofrad\u00eda de los Siceratores","author":{"@id":"https:\/\/cofradiadeldesarme.com\/?author=1#author"},"publisher":{"@id":"https:\/\/cofradiadeldesarme.com\/#organization"},"image":{"@type":"ImageObject","url":549},"datePublished":"2017-11-05T22:23:10+01:00","dateModified":"2017-11-05T22:23:10+01:00","inLanguage":"es-ES","mainEntityOfPage":{"@id":"https:\/\/cofradiadeldesarme.com\/?p=548#webpage"},"isPartOf":{"@id":"https:\/\/cofradiadeldesarme.com\/?p=548#webpage"},"articleSection":"Noticias"},{"@type":"BreadcrumbList","@id":"https:\/\/cofradiadeldesarme.com\/?p=548#breadcrumblist","itemListElement":[{"@type":"ListItem","@id":"https:\/\/cofradiadeldesarme.com#listItem","position":1,"name":"Home","item":"https:\/\/cofradiadeldesarme.com","nextItem":{"@type":"ListItem","@id":"https:\/\/cofradiadeldesarme.com\/?cat=69#listItem","name":"Noticias"}},{"@type":"ListItem","@id":"https:\/\/cofradiadeldesarme.com\/?cat=69#listItem","position":2,"name":"Noticias","item":"https:\/\/cofradiadeldesarme.com\/?cat=69","nextItem":{"@type":"ListItem","@id":"https:\/\/cofradiadeldesarme.com\/?p=548#listItem","name":"IV Cap\u00edtulo de la Cofrad\u00eda de los Siceratores"},"previousItem":{"@type":"ListItem","@id":"https:\/\/cofradiadeldesarme.com#listItem","name":"Home"}},{"@type":"ListItem","@id":"https:\/\/cofradiadeldesarme.com\/?p=548#listItem","position":3,"name":"IV Cap\u00edtulo de la Cofrad\u00eda de los Siceratores","previousItem":{"@type":"ListItem","@id":"https:\/\/cofradiadeldesarme.com\/?cat=69#listItem","name":"Noticias"}}]},{"@type":"Organization","@id":"https:\/\/cofradiadeldesarme.com\/#organization","name":"El Desarme de Oviedo","description":"La Fiesta Gastron\u00f3mica m\u00e1s antigua de Espa\u00f1a","url":"https:\/\/cofradiadeldesarme.com\/","logo":{"@type":"ImageObject","url":"https:\/\/cofradiadeldesarme.com\/wp-content\/uploads\/2025\/04\/logo-El-Desarme-min.png","@id":"https:\/\/cofradiadeldesarme.com\/?p=548\/#organizationLogo","width":400,"height":190},"image":{"@id":"https:\/\/cofradiadeldesarme.com\/?p=548\/#organizationLogo"}},{"@type":"Person","@id":"https:\/\/cofradiadeldesarme.com\/?author=1#author","url":"https:\/\/cofradiadeldesarme.com\/?author=1","name":"admin","image":{"@type":"ImageObject","@id":"https:\/\/cofradiadeldesarme.com\/?p=548#authorImage","url":"https:\/\/secure.gravatar.com\/avatar\/5b3b35fcdad2531878232d2b4e458c1ee82d583e8b6931927916a062e9e58402?s=96&d=mm&r=g","width":96,"height":96,"caption":"admin"}},{"@type":"WebPage","@id":"https:\/\/cofradiadeldesarme.com\/?p=548#webpage","url":"https:\/\/cofradiadeldesarme.com\/?p=548","name":"IV Cap\u00edtulo de la Cofrad\u00eda de los Siceratores - El Desarme de Oviedo","description":"Excelente Gran Cap\u00edtulo el que brindaron los Siceratores, con visita al Museo de la Sidra de Asturias, incluyendo una bonita ceremonia en el sal\u00f3n de actos del museo donde se nombraron cofrades de honor al cantante mierense V\u00edctor Manuel, el promotor musical Lisardo Lombard\u00eda y al Club de Guisanderas","inLanguage":"es-ES","isPartOf":{"@id":"https:\/\/cofradiadeldesarme.com\/#website"},"breadcrumb":{"@id":"https:\/\/cofradiadeldesarme.com\/?p=548#breadcrumblist"},"author":{"@id":"https:\/\/cofradiadeldesarme.com\/?author=1#author"},"creator":{"@id":"https:\/\/cofradiadeldesarme.com\/?author=1#author"},"image":{"@type":"ImageObject","url":549,"@id":"https:\/\/cofradiadeldesarme.com\/?p=548\/#mainImage"},"primaryImageOfPage":{"@id":"https:\/\/cofradiadeldesarme.com\/?p=548#mainImage"},"datePublished":"2017-11-05T22:23:10+01:00","dateModified":"2017-11-05T22:23:10+01:00"},{"@type":"WebSite","@id":"https:\/\/cofradiadeldesarme.com\/#website","url":"https:\/\/cofradiadeldesarme.com\/","name":"El Desarme de Oviedo","description":"La Fiesta Gastron\u00f3mica m\u00e1s antigua de Espa\u00f1a","inLanguage":"es-ES","publisher":{"@id":"https:\/\/cofradiadeldesarme.com\/#organization"}}]},"og:locale":"es_ES","og:site_name":"El Desarme de Oviedo - La Fiesta Gastron\u00f3mica m\u00e1s antigua de Espa\u00f1a","og:type":"article","og:title":"IV Cap\u00edtulo de la Cofrad\u00eda de los Siceratores - El Desarme de Oviedo","og:description":"Excelente Gran Cap\u00edtulo el que brindaron los Siceratores, con visita al Museo de la Sidra de Asturias, incluyendo una bonita ceremonia en el sal\u00f3n de actos del museo donde se nombraron cofrades de honor al cantante mierense V\u00edctor Manuel, el promotor musical Lisardo Lombard\u00eda y al Club de Guisanderas","og:url":"https:\/\/cofradiadeldesarme.com\/?p=548","og:image":"https:\/\/cofradiadeldesarme.com\/wp-content\/uploads\/2025\/04\/logo-El-Desarme-min.png","og:image:secure_url":"https:\/\/cofradiadeldesarme.com\/wp-content\/uploads\/2025\/04\/logo-El-Desarme-min.png","article:published_time":"2017-11-05T22:23:10+00:00","article:modified_time":"2017-11-05T22:23:10+00:00","twitter:card":"summary_large_image","twitter:title":"IV Cap\u00edtulo de la Cofrad\u00eda de los Siceratores - El Desarme de Oviedo","twitter:description":"Excelente Gran Cap\u00edtulo el que brindaron los Siceratores, con visita al Museo de la Sidra de Asturias, incluyendo una bonita ceremonia en el sal\u00f3n de actos del museo donde se nombraron cofrades de honor al cantante mierense V\u00edctor Manuel, el promotor musical Lisardo Lombard\u00eda y al Club de Guisanderas","twitter:image":"https:\/\/cofradiadeldesarme.com\/wp-content\/uploads\/2025\/04\/logo-El-Desarme-min.png"},"aioseo_meta_data":{"post_id":"548","title":null,"description":null,"keywords":null,"keyphrases":null,"primary_term":null,"canonical_url":null,"og_title":null,"og_description":null,"og_object_type":"default","og_image_type":"default","og_image_url":null,"og_image_width":null,"og_image_height":null,"og_image_custom_url":null,"og_image_custom_fields":null,"og_video":null,"og_custom_url":null,"og_article_section":null,"og_article_tags":null,"twitter_use_og":false,"twitter_card":"default","twitter_image_type":"default","twitter_image_url":null,"twitter_image_custom_url":null,"twitter_image_custom_fields":null,"twitter_title":null,"twitter_description":null,"schema":{"blockGraphs":[],"customGraphs":[],"default":{"data":{"Article":[],"Course":[],"Dataset":[],"FAQPage":[],"Movie":[],"Person":[],"Product":[],"ProductReview":[],"Car":[],"Recipe":[],"Service":[],"SoftwareApplication":[],"WebPage":[]},"graphName":"","isEnabled":true},"graphs":[]},"schema_type":"default","schema_type_options":null,"pillar_content":false,"robots_default":true,"robots_noindex":false,"robots_noarchive":false,"robots_nosnippet":false,"robots_nofollow":false,"robots_noimageindex":false,"robots_noodp":false,"robots_notranslate":false,"robots_max_snippet":null,"robots_max_videopreview":null,"robots_max_imagepreview":"large","priority":null,"frequency":null,"local_seo":null,"breadcrumb_settings":null,"limit_modified_date":false,"ai":null,"created":"2025-09-04 20:10:45","updated":"2025-09-04 20:10:45","seo_analyzer_scan_date":null,"focus_keyword":null,"additional_keywords":null,"truseo_locale":null},"aioseo_breadcrumb":"<div class=\"aioseo-breadcrumbs\"><span class=\"aioseo-breadcrumb\">\n\t\t\t<a href=\"https:\/\/cofradiadeldesarme.com\" title=\"Home\">Home<\/a>\n\t\t<\/span><span class=\"aioseo-breadcrumb-separator\">&raquo;<\/span><span class=\"aioseo-breadcrumb\">\n\t\t\t<a href=\"https:\/\/cofradiadeldesarme.com\/?cat=69\" title=\"Noticias\">Noticias<\/a>\n\t\t<\/span><span class=\"aioseo-breadcrumb-separator\">&raquo;<\/span><span class=\"aioseo-breadcrumb\">\n\t\t\tIV Cap\u00edtulo de la Cofrad\u00eda de los Siceratores\n\t\t<\/span><\/div>","aioseo_breadcrumb_json":[{"label":"Home","link":"https:\/\/cofradiadeldesarme.com"},{"label":"Noticias","link":"https:\/\/cofradiadeldesarme.com\/?cat=69"},{"label":"IV Cap\u00edtulo de la Cofrad\u00eda de los Siceratores","link":"https:\/\/cofradiadeldesarme.com\/?p=548"}],"acf":[],"_links":{"self":[{"href":"https:\/\/cofradiadeldesarme.com\/index.php?rest_route=\/wp\/v2\/posts\/548","targetHints":{"allow":["GET"]}}],"collection":[{"href":"https:\/\/cofradiadeldesarme.com\/index.php?rest_route=\/wp\/v2\/posts"}],"about":[{"href":"https:\/\/cofradiadeldesarme.com\/index.php?rest_route=\/wp\/v2\/types\/post"}],"author":[{"embeddable":true,"href":"https:\/\/cofradiadeldesarme.com\/index.php?rest_route=\/wp\/v2\/users\/1"}],"replies":[{"embeddable":true,"href":"https:\/\/cofradiadeldesarme.com\/index.php?rest_route=%2Fwp%2Fv2%2Fcomments&post=548"}],"version-history":[{"count":0,"href":"https:\/\/cofradiadeldesarme.com\/index.php?rest_route=\/wp\/v2\/posts\/548\/revisions"}],"wp:attachment":[{"href":"https:\/\/cofradiadeldesarme.com\/index.php?rest_route=%2Fwp%2Fv2%2Fmedia&parent=548"}],"wp:term":[{"taxonomy":"category","embeddable":true,"href":"https:\/\/cofradiadeldesarme.com\/index.php?rest_route=%2Fwp%2Fv2%2Fcategories&post=548"},{"taxonomy":"post_tag","embeddable":true,"href":"https:\/\/cofradiadeldesarme.com\/index.php?rest_route=%2Fwp%2Fv2%2Ftags&post=548"}],"curies":[{"name":"wp","href":"https:\/\/api.w.org\/{rel}","templated":true}]}}