{"id":560,"date":"2017-11-29T11:50:29","date_gmt":"2017-11-29T11:50:29","guid":{"rendered":"https:\/\/cofradiadeldesarme.com\/?p=560"},"modified":"2017-11-29T11:50:29","modified_gmt":"2017-11-29T11:50:29","slug":"lvii-capitulo-de-la-cofradia-del-vino-de-rioja","status":"publish","type":"post","link":"https:\/\/cofradiadeldesarme.com\/?p=560","title":{"rendered":"LVII Cap\u00edtulo de la Cofrad\u00eda del Vino de Rioja"},"content":{"rendered":"","protected":false},"excerpt":{"rendered":"\n<p style=\"color: #ffffff\">Varios Cofrades en representaci\u00f3n de la Cofrad\u00eda del Desarme han asistido este 26 de noviembre al LVII Cap\u00edtulo de la Cofrad\u00eda del Vino de Rioja. Como ya es habitual al t\u00e9rmino de la cosecha riojana, la Cofrad\u00eda celebr\u00f3 su anual Cap\u00edtulo en defensa, divulgaci\u00f3n y reconocimiento a este producto tan arraigado en nuestra pen\u00ednsula y reconocido internacionalmente.<\/p>\n","protected":false},"author":1,"featured_media":561,"comment_status":"closed","ping_status":"closed","sticky":false,"template":"","format":"standard","meta":{"_acf_changed":false,"footnotes":""},"categories":[69],"tags":[],"class_list":["post-560","post","type-post","status-publish","format-standard","has-post-thumbnail","hentry","category-noticias"],"aioseo_notices":[],"aioseo_head":"\n\t\t<!-- All in One SEO 5.0.1.1 - aioseo.com -->\n\t<meta name=\"description\" content=\"Varios Cofrades en representaci\u00f3n de la Cofrad\u00eda del Desarme han asistido este 26 de noviembre al LVII Cap\u00edtulo de la Cofrad\u00eda del Vino de Rioja. Como ya es habitual al t\u00e9rmino de la cosecha riojana, la Cofrad\u00eda celebr\u00f3 su anual Cap\u00edtulo en defensa, divulgaci\u00f3n y reconocimiento a este producto tan arraigado en nuestra pen\u00ednsula y reconocido internacionalmente.\" \/>\n\t<meta name=\"robots\" content=\"noindex, nofollow, max-image-preview:large\" \/>\n\t<meta name=\"author\" content=\"admin\"\/>\n\t<meta name=\"google-site-verification\" content=\"TeADORbnbuzbAYnSXlpdGfN9bzDT493vArWGYaN822Y\" \/>\n\t<link rel=\"canonical\" href=\"https:\/\/cofradiadeldesarme.com\/?p=560\" \/>\n\t<meta name=\"generator\" content=\"All in One SEO (AIOSEO) 5.0.1.1\" \/>\n\t\t<meta property=\"og:locale\" content=\"es_ES\" \/>\n\t\t<meta property=\"og:site_name\" content=\"El Desarme de Oviedo - La Fiesta Gastron\u00f3mica m\u00e1s antigua de Espa\u00f1a\" \/>\n\t\t<meta property=\"og:type\" content=\"article\" \/>\n\t\t<meta property=\"og:title\" content=\"LVII Cap\u00edtulo de la Cofrad\u00eda del Vino de Rioja - El Desarme de Oviedo\" \/>\n\t\t<meta property=\"og:description\" content=\"Varios Cofrades en representaci\u00f3n de la Cofrad\u00eda del Desarme han asistido este 26 de noviembre al LVII Cap\u00edtulo de la Cofrad\u00eda del Vino de Rioja. Como ya es habitual al t\u00e9rmino de la cosecha riojana, la Cofrad\u00eda celebr\u00f3 su anual Cap\u00edtulo en defensa, divulgaci\u00f3n y reconocimiento a este producto tan arraigado en nuestra pen\u00ednsula y reconocido internacionalmente.\" \/>\n\t\t<meta property=\"og:url\" content=\"https:\/\/cofradiadeldesarme.com\/?p=560\" \/>\n\t\t<meta property=\"og:image\" content=\"https:\/\/cofradiadeldesarme.com\/wp-content\/uploads\/2025\/04\/logo-El-Desarme-min.png\" \/>\n\t\t<meta property=\"og:image:secure_url\" content=\"https:\/\/cofradiadeldesarme.com\/wp-content\/uploads\/2025\/04\/logo-El-Desarme-min.png\" \/>\n\t\t<meta property=\"article:published_time\" content=\"2017-11-29T11:50:29+00:00\" \/>\n\t\t<meta property=\"article:modified_time\" content=\"2017-11-29T11:50:29+00:00\" \/>\n\t\t<meta name=\"twitter:card\" content=\"summary_large_image\" \/>\n\t\t<meta name=\"twitter:title\" content=\"LVII Cap\u00edtulo de la Cofrad\u00eda del Vino de Rioja - El Desarme de Oviedo\" \/>\n\t\t<meta name=\"twitter:description\" content=\"Varios Cofrades en representaci\u00f3n de la Cofrad\u00eda del Desarme han asistido este 26 de noviembre al LVII Cap\u00edtulo de la Cofrad\u00eda del Vino de Rioja. Como ya es habitual al t\u00e9rmino de la cosecha riojana, la Cofrad\u00eda celebr\u00f3 su anual Cap\u00edtulo en defensa, divulgaci\u00f3n y reconocimiento a este producto tan arraigado en nuestra pen\u00ednsula y reconocido internacionalmente.\" \/>\n\t\t<meta name=\"twitter:image\" content=\"https:\/\/cofradiadeldesarme.com\/wp-content\/uploads\/2025\/04\/logo-El-Desarme-min.png\" \/>\n\t\t<script type=\"application\/ld+json\" class=\"aioseo-schema\">\n\t\t\t{\"@context\":\"https:\\\/\\\/schema.org\",\"@graph\":[{\"@type\":\"BlogPosting\",\"@id\":\"https:\\\/\\\/cofradiadeldesarme.com\\\/?p=560#blogposting\",\"name\":\"LVII Cap\\u00edtulo de la Cofrad\\u00eda del Vino de Rioja - El Desarme de Oviedo\",\"headline\":\"LVII Cap\\u00edtulo de la Cofrad\\u00eda del Vino de Rioja\",\"author\":{\"@id\":\"https:\\\/\\\/cofradiadeldesarme.com\\\/?author=1#author\"},\"publisher\":{\"@id\":\"https:\\\/\\\/cofradiadeldesarme.com\\\/#organization\"},\"image\":{\"@type\":\"ImageObject\",\"url\":561},\"datePublished\":\"2017-11-29T11:50:29+01:00\",\"dateModified\":\"2017-11-29T11:50:29+01:00\",\"inLanguage\":\"es-ES\",\"mainEntityOfPage\":{\"@id\":\"https:\\\/\\\/cofradiadeldesarme.com\\\/?p=560#webpage\"},\"isPartOf\":{\"@id\":\"https:\\\/\\\/cofradiadeldesarme.com\\\/?p=560#webpage\"},\"articleSection\":\"Noticias\"},{\"@type\":\"BreadcrumbList\",\"@id\":\"https:\\\/\\\/cofradiadeldesarme.com\\\/?p=560#breadcrumblist\",\"itemListElement\":[{\"@type\":\"ListItem\",\"@id\":\"https:\\\/\\\/cofradiadeldesarme.com#listItem\",\"position\":1,\"name\":\"Home\",\"item\":\"https:\\\/\\\/cofradiadeldesarme.com\",\"nextItem\":{\"@type\":\"ListItem\",\"@id\":\"https:\\\/\\\/cofradiadeldesarme.com\\\/?cat=69#listItem\",\"name\":\"Noticias\"}},{\"@type\":\"ListItem\",\"@id\":\"https:\\\/\\\/cofradiadeldesarme.com\\\/?cat=69#listItem\",\"position\":2,\"name\":\"Noticias\",\"item\":\"https:\\\/\\\/cofradiadeldesarme.com\\\/?cat=69\",\"nextItem\":{\"@type\":\"ListItem\",\"@id\":\"https:\\\/\\\/cofradiadeldesarme.com\\\/?p=560#listItem\",\"name\":\"LVII Cap\\u00edtulo de la Cofrad\\u00eda del Vino de Rioja\"},\"previousItem\":{\"@type\":\"ListItem\",\"@id\":\"https:\\\/\\\/cofradiadeldesarme.com#listItem\",\"name\":\"Home\"}},{\"@type\":\"ListItem\",\"@id\":\"https:\\\/\\\/cofradiadeldesarme.com\\\/?p=560#listItem\",\"position\":3,\"name\":\"LVII Cap\\u00edtulo de la Cofrad\\u00eda del Vino de Rioja\",\"previousItem\":{\"@type\":\"ListItem\",\"@id\":\"https:\\\/\\\/cofradiadeldesarme.com\\\/?cat=69#listItem\",\"name\":\"Noticias\"}}]},{\"@type\":\"Organization\",\"@id\":\"https:\\\/\\\/cofradiadeldesarme.com\\\/#organization\",\"name\":\"El Desarme de Oviedo\",\"description\":\"La Fiesta Gastron\\u00f3mica m\\u00e1s antigua de Espa\\u00f1a\",\"url\":\"https:\\\/\\\/cofradiadeldesarme.com\\\/\",\"logo\":{\"@type\":\"ImageObject\",\"url\":\"https:\\\/\\\/cofradiadeldesarme.com\\\/wp-content\\\/uploads\\\/2025\\\/04\\\/logo-El-Desarme-min.png\",\"@id\":\"https:\\\/\\\/cofradiadeldesarme.com\\\/?p=560\\\/#organizationLogo\",\"width\":400,\"height\":190},\"image\":{\"@id\":\"https:\\\/\\\/cofradiadeldesarme.com\\\/?p=560\\\/#organizationLogo\"}},{\"@type\":\"Person\",\"@id\":\"https:\\\/\\\/cofradiadeldesarme.com\\\/?author=1#author\",\"url\":\"https:\\\/\\\/cofradiadeldesarme.com\\\/?author=1\",\"name\":\"admin\",\"image\":{\"@type\":\"ImageObject\",\"@id\":\"https:\\\/\\\/cofradiadeldesarme.com\\\/?p=560#authorImage\",\"url\":\"https:\\\/\\\/secure.gravatar.com\\\/avatar\\\/5b3b35fcdad2531878232d2b4e458c1ee82d583e8b6931927916a062e9e58402?s=96&d=mm&r=g\",\"width\":96,\"height\":96,\"caption\":\"admin\"}},{\"@type\":\"WebPage\",\"@id\":\"https:\\\/\\\/cofradiadeldesarme.com\\\/?p=560#webpage\",\"url\":\"https:\\\/\\\/cofradiadeldesarme.com\\\/?p=560\",\"name\":\"LVII Cap\\u00edtulo de la Cofrad\\u00eda del Vino de Rioja - El Desarme de Oviedo\",\"description\":\"Varios Cofrades en representaci\\u00f3n de la Cofrad\\u00eda del Desarme han asistido este 26 de noviembre al LVII Cap\\u00edtulo de la Cofrad\\u00eda del Vino de Rioja. Como ya es habitual al t\\u00e9rmino de la cosecha riojana, la Cofrad\\u00eda celebr\\u00f3 su anual Cap\\u00edtulo en defensa, divulgaci\\u00f3n y reconocimiento a este producto tan arraigado en nuestra pen\\u00ednsula y reconocido internacionalmente.\",\"inLanguage\":\"es-ES\",\"isPartOf\":{\"@id\":\"https:\\\/\\\/cofradiadeldesarme.com\\\/#website\"},\"breadcrumb\":{\"@id\":\"https:\\\/\\\/cofradiadeldesarme.com\\\/?p=560#breadcrumblist\"},\"author\":{\"@id\":\"https:\\\/\\\/cofradiadeldesarme.com\\\/?author=1#author\"},\"creator\":{\"@id\":\"https:\\\/\\\/cofradiadeldesarme.com\\\/?author=1#author\"},\"image\":{\"@type\":\"ImageObject\",\"url\":561,\"@id\":\"https:\\\/\\\/cofradiadeldesarme.com\\\/?p=560\\\/#mainImage\"},\"primaryImageOfPage\":{\"@id\":\"https:\\\/\\\/cofradiadeldesarme.com\\\/?p=560#mainImage\"},\"datePublished\":\"2017-11-29T11:50:29+01:00\",\"dateModified\":\"2017-11-29T11:50:29+01:00\"},{\"@type\":\"WebSite\",\"@id\":\"https:\\\/\\\/cofradiadeldesarme.com\\\/#website\",\"url\":\"https:\\\/\\\/cofradiadeldesarme.com\\\/\",\"name\":\"El Desarme de Oviedo\",\"description\":\"La Fiesta Gastron\\u00f3mica m\\u00e1s antigua de Espa\\u00f1a\",\"inLanguage\":\"es-ES\",\"publisher\":{\"@id\":\"https:\\\/\\\/cofradiadeldesarme.com\\\/#organization\"}}]}\n\t\t<\/script>\n\t\t<!-- All in One SEO -->\n\n","aioseo_head_json":{"title":"LVII Cap\u00edtulo de la Cofrad\u00eda del Vino de Rioja - El Desarme de Oviedo","description":"Varios Cofrades en representaci\u00f3n de la Cofrad\u00eda del Desarme han asistido este 26 de noviembre al LVII Cap\u00edtulo de la Cofrad\u00eda del Vino de Rioja. Como ya es habitual al t\u00e9rmino de la cosecha riojana, la Cofrad\u00eda celebr\u00f3 su anual Cap\u00edtulo en defensa, divulgaci\u00f3n y reconocimiento a este producto tan arraigado en nuestra pen\u00ednsula y reconocido internacionalmente.","canonical_url":"https:\/\/cofradiadeldesarme.com\/?p=560","robots":"noindex, nofollow, max-image-preview:large","keywords":"","webmasterTools":{"google-site-verification":"TeADORbnbuzbAYnSXlpdGfN9bzDT493vArWGYaN822Y","miscellaneous":""},"schema":{"@context":"https:\/\/schema.org","@graph":[{"@type":"BlogPosting","@id":"https:\/\/cofradiadeldesarme.com\/?p=560#blogposting","name":"LVII Cap\u00edtulo de la Cofrad\u00eda del Vino de Rioja - El Desarme de Oviedo","headline":"LVII Cap\u00edtulo de la Cofrad\u00eda del Vino de Rioja","author":{"@id":"https:\/\/cofradiadeldesarme.com\/?author=1#author"},"publisher":{"@id":"https:\/\/cofradiadeldesarme.com\/#organization"},"image":{"@type":"ImageObject","url":561},"datePublished":"2017-11-29T11:50:29+01:00","dateModified":"2017-11-29T11:50:29+01:00","inLanguage":"es-ES","mainEntityOfPage":{"@id":"https:\/\/cofradiadeldesarme.com\/?p=560#webpage"},"isPartOf":{"@id":"https:\/\/cofradiadeldesarme.com\/?p=560#webpage"},"articleSection":"Noticias"},{"@type":"BreadcrumbList","@id":"https:\/\/cofradiadeldesarme.com\/?p=560#breadcrumblist","itemListElement":[{"@type":"ListItem","@id":"https:\/\/cofradiadeldesarme.com#listItem","position":1,"name":"Home","item":"https:\/\/cofradiadeldesarme.com","nextItem":{"@type":"ListItem","@id":"https:\/\/cofradiadeldesarme.com\/?cat=69#listItem","name":"Noticias"}},{"@type":"ListItem","@id":"https:\/\/cofradiadeldesarme.com\/?cat=69#listItem","position":2,"name":"Noticias","item":"https:\/\/cofradiadeldesarme.com\/?cat=69","nextItem":{"@type":"ListItem","@id":"https:\/\/cofradiadeldesarme.com\/?p=560#listItem","name":"LVII Cap\u00edtulo de la Cofrad\u00eda del Vino de Rioja"},"previousItem":{"@type":"ListItem","@id":"https:\/\/cofradiadeldesarme.com#listItem","name":"Home"}},{"@type":"ListItem","@id":"https:\/\/cofradiadeldesarme.com\/?p=560#listItem","position":3,"name":"LVII Cap\u00edtulo de la Cofrad\u00eda del Vino de Rioja","previousItem":{"@type":"ListItem","@id":"https:\/\/cofradiadeldesarme.com\/?cat=69#listItem","name":"Noticias"}}]},{"@type":"Organization","@id":"https:\/\/cofradiadeldesarme.com\/#organization","name":"El Desarme de Oviedo","description":"La Fiesta Gastron\u00f3mica m\u00e1s antigua de Espa\u00f1a","url":"https:\/\/cofradiadeldesarme.com\/","logo":{"@type":"ImageObject","url":"https:\/\/cofradiadeldesarme.com\/wp-content\/uploads\/2025\/04\/logo-El-Desarme-min.png","@id":"https:\/\/cofradiadeldesarme.com\/?p=560\/#organizationLogo","width":400,"height":190},"image":{"@id":"https:\/\/cofradiadeldesarme.com\/?p=560\/#organizationLogo"}},{"@type":"Person","@id":"https:\/\/cofradiadeldesarme.com\/?author=1#author","url":"https:\/\/cofradiadeldesarme.com\/?author=1","name":"admin","image":{"@type":"ImageObject","@id":"https:\/\/cofradiadeldesarme.com\/?p=560#authorImage","url":"https:\/\/secure.gravatar.com\/avatar\/5b3b35fcdad2531878232d2b4e458c1ee82d583e8b6931927916a062e9e58402?s=96&d=mm&r=g","width":96,"height":96,"caption":"admin"}},{"@type":"WebPage","@id":"https:\/\/cofradiadeldesarme.com\/?p=560#webpage","url":"https:\/\/cofradiadeldesarme.com\/?p=560","name":"LVII Cap\u00edtulo de la Cofrad\u00eda del Vino de Rioja - El Desarme de Oviedo","description":"Varios Cofrades en representaci\u00f3n de la Cofrad\u00eda del Desarme han asistido este 26 de noviembre al LVII Cap\u00edtulo de la Cofrad\u00eda del Vino de Rioja. Como ya es habitual al t\u00e9rmino de la cosecha riojana, la Cofrad\u00eda celebr\u00f3 su anual Cap\u00edtulo en defensa, divulgaci\u00f3n y reconocimiento a este producto tan arraigado en nuestra pen\u00ednsula y reconocido internacionalmente.","inLanguage":"es-ES","isPartOf":{"@id":"https:\/\/cofradiadeldesarme.com\/#website"},"breadcrumb":{"@id":"https:\/\/cofradiadeldesarme.com\/?p=560#breadcrumblist"},"author":{"@id":"https:\/\/cofradiadeldesarme.com\/?author=1#author"},"creator":{"@id":"https:\/\/cofradiadeldesarme.com\/?author=1#author"},"image":{"@type":"ImageObject","url":561,"@id":"https:\/\/cofradiadeldesarme.com\/?p=560\/#mainImage"},"primaryImageOfPage":{"@id":"https:\/\/cofradiadeldesarme.com\/?p=560#mainImage"},"datePublished":"2017-11-29T11:50:29+01:00","dateModified":"2017-11-29T11:50:29+01:00"},{"@type":"WebSite","@id":"https:\/\/cofradiadeldesarme.com\/#website","url":"https:\/\/cofradiadeldesarme.com\/","name":"El Desarme de Oviedo","description":"La Fiesta Gastron\u00f3mica m\u00e1s antigua de Espa\u00f1a","inLanguage":"es-ES","publisher":{"@id":"https:\/\/cofradiadeldesarme.com\/#organization"}}]},"og:locale":"es_ES","og:site_name":"El Desarme de Oviedo - La Fiesta Gastron\u00f3mica m\u00e1s antigua de Espa\u00f1a","og:type":"article","og:title":"LVII Cap\u00edtulo de la Cofrad\u00eda del Vino de Rioja - El Desarme de Oviedo","og:description":"Varios Cofrades en representaci\u00f3n de la Cofrad\u00eda del Desarme han asistido este 26 de noviembre al LVII Cap\u00edtulo de la Cofrad\u00eda del Vino de Rioja. Como ya es habitual al t\u00e9rmino de la cosecha riojana, la Cofrad\u00eda celebr\u00f3 su anual Cap\u00edtulo en defensa, divulgaci\u00f3n y reconocimiento a este producto tan arraigado en nuestra pen\u00ednsula y reconocido internacionalmente.","og:url":"https:\/\/cofradiadeldesarme.com\/?p=560","og:image":"https:\/\/cofradiadeldesarme.com\/wp-content\/uploads\/2025\/04\/logo-El-Desarme-min.png","og:image:secure_url":"https:\/\/cofradiadeldesarme.com\/wp-content\/uploads\/2025\/04\/logo-El-Desarme-min.png","article:published_time":"2017-11-29T11:50:29+00:00","article:modified_time":"2017-11-29T11:50:29+00:00","twitter:card":"summary_large_image","twitter:title":"LVII Cap\u00edtulo de la Cofrad\u00eda del Vino de Rioja - El Desarme de Oviedo","twitter:description":"Varios Cofrades en representaci\u00f3n de la Cofrad\u00eda del Desarme han asistido este 26 de noviembre al LVII Cap\u00edtulo de la Cofrad\u00eda del Vino de Rioja. Como ya es habitual al t\u00e9rmino de la cosecha riojana, la Cofrad\u00eda celebr\u00f3 su anual Cap\u00edtulo en defensa, divulgaci\u00f3n y reconocimiento a este producto tan arraigado en nuestra pen\u00ednsula y reconocido internacionalmente.","twitter:image":"https:\/\/cofradiadeldesarme.com\/wp-content\/uploads\/2025\/04\/logo-El-Desarme-min.png"},"aioseo_meta_data":{"post_id":"560","title":null,"description":null,"keywords":null,"keyphrases":null,"primary_term":null,"canonical_url":null,"og_title":null,"og_description":null,"og_object_type":"default","og_image_type":"default","og_image_url":null,"og_image_width":null,"og_image_height":null,"og_image_custom_url":null,"og_image_custom_fields":null,"og_video":null,"og_custom_url":null,"og_article_section":null,"og_article_tags":null,"twitter_use_og":false,"twitter_card":"default","twitter_image_type":"default","twitter_image_url":null,"twitter_image_custom_url":null,"twitter_image_custom_fields":null,"twitter_title":null,"twitter_description":null,"schema":{"blockGraphs":[],"customGraphs":[],"default":{"data":{"Article":[],"Course":[],"Dataset":[],"FAQPage":[],"Movie":[],"Person":[],"Product":[],"ProductReview":[],"Car":[],"Recipe":[],"Service":[],"SoftwareApplication":[],"WebPage":[]},"graphName":"","isEnabled":true},"graphs":[]},"schema_type":"default","schema_type_options":null,"pillar_content":false,"robots_default":true,"robots_noindex":false,"robots_noarchive":false,"robots_nosnippet":false,"robots_nofollow":false,"robots_noimageindex":false,"robots_noodp":false,"robots_notranslate":false,"robots_max_snippet":null,"robots_max_videopreview":null,"robots_max_imagepreview":"large","priority":null,"frequency":null,"local_seo":null,"breadcrumb_settings":null,"limit_modified_date":false,"ai":null,"created":"2025-09-04 20:10:45","updated":"2025-09-04 20:10:45","seo_analyzer_scan_date":null,"focus_keyword":null,"additional_keywords":null,"truseo_locale":null},"aioseo_breadcrumb":"<div class=\"aioseo-breadcrumbs\"><span class=\"aioseo-breadcrumb\">\n\t\t\t<a href=\"https:\/\/cofradiadeldesarme.com\" title=\"Home\">Home<\/a>\n\t\t<\/span><span class=\"aioseo-breadcrumb-separator\">&raquo;<\/span><span class=\"aioseo-breadcrumb\">\n\t\t\t<a href=\"https:\/\/cofradiadeldesarme.com\/?cat=69\" title=\"Noticias\">Noticias<\/a>\n\t\t<\/span><span class=\"aioseo-breadcrumb-separator\">&raquo;<\/span><span class=\"aioseo-breadcrumb\">\n\t\t\tLVII Cap\u00edtulo de la Cofrad\u00eda del Vino de Rioja\n\t\t<\/span><\/div>","aioseo_breadcrumb_json":[{"label":"Home","link":"https:\/\/cofradiadeldesarme.com"},{"label":"Noticias","link":"https:\/\/cofradiadeldesarme.com\/?cat=69"},{"label":"LVII Cap\u00edtulo de la Cofrad\u00eda del Vino de Rioja","link":"https:\/\/cofradiadeldesarme.com\/?p=560"}],"acf":[],"_links":{"self":[{"href":"https:\/\/cofradiadeldesarme.com\/index.php?rest_route=\/wp\/v2\/posts\/560","targetHints":{"allow":["GET"]}}],"collection":[{"href":"https:\/\/cofradiadeldesarme.com\/index.php?rest_route=\/wp\/v2\/posts"}],"about":[{"href":"https:\/\/cofradiadeldesarme.com\/index.php?rest_route=\/wp\/v2\/types\/post"}],"author":[{"embeddable":true,"href":"https:\/\/cofradiadeldesarme.com\/index.php?rest_route=\/wp\/v2\/users\/1"}],"replies":[{"embeddable":true,"href":"https:\/\/cofradiadeldesarme.com\/index.php?rest_route=%2Fwp%2Fv2%2Fcomments&post=560"}],"version-history":[{"count":0,"href":"https:\/\/cofradiadeldesarme.com\/index.php?rest_route=\/wp\/v2\/posts\/560\/revisions"}],"wp:attachment":[{"href":"https:\/\/cofradiadeldesarme.com\/index.php?rest_route=%2Fwp%2Fv2%2Fmedia&parent=560"}],"wp:term":[{"taxonomy":"category","embeddable":true,"href":"https:\/\/cofradiadeldesarme.com\/index.php?rest_route=%2Fwp%2Fv2%2Fcategories&post=560"},{"taxonomy":"post_tag","embeddable":true,"href":"https:\/\/cofradiadeldesarme.com\/index.php?rest_route=%2Fwp%2Fv2%2Ftags&post=560"}],"curies":[{"name":"wp","href":"https:\/\/api.w.org\/{rel}","templated":true}]}}