{"id":566,"date":"2017-11-29T12:33:28","date_gmt":"2017-11-29T12:33:28","guid":{"rendered":"https:\/\/cofradiadeldesarme.com\/?p=566"},"modified":"2017-11-29T12:33:28","modified_gmt":"2017-11-29T12:33:28","slug":"el-desarme-conquista-vigo","status":"publish","type":"post","link":"https:\/\/cofradiadeldesarme.com\/?p=566","title":{"rendered":"El Desarme conquista Vigo"},"content":{"rendered":"","protected":false},"excerpt":{"rendered":"\n<p style=\"color: #ffffff\">La ciudad de Vigo acogi\u00f3 a una representaci\u00f3n de nuestra Cofrad\u00eda para ofrecer all\u00ed el tradicional Men\u00fa del Desarme. Como anfitri\u00f3n del acto actu\u00f3 nuestro gran Cofrade de Honor de este a\u00f1o Pepe Cadavedo, que de esta forma cumpli\u00f3 la promesa que hizo en el V Cap\u00edtulo de llevar este Men\u00fa hasta sus tierras Gallegas de adopci\u00f3n.<\/p>\n","protected":false},"author":1,"featured_media":567,"comment_status":"closed","ping_status":"closed","sticky":false,"template":"","format":"standard","meta":{"_acf_changed":false,"footnotes":""},"categories":[69],"tags":[],"class_list":["post-566","post","type-post","status-publish","format-standard","has-post-thumbnail","hentry","category-noticias"],"aioseo_notices":[],"aioseo_head":"\n\t\t<!-- All in One SEO 5.0.1.1 - aioseo.com -->\n\t<meta name=\"description\" content=\"La ciudad de Vigo acogi\u00f3 a una representaci\u00f3n de nuestra Cofrad\u00eda para ofrecer all\u00ed el tradicional Men\u00fa del Desarme. Como anfitri\u00f3n del acto actu\u00f3 nuestro gran Cofrade de Honor de este a\u00f1o Pepe Cadavedo, que de esta forma cumpli\u00f3 la promesa que hizo en el V Cap\u00edtulo de llevar este Men\u00fa hasta sus tierras Gallegas de adopci\u00f3n.\" \/>\n\t<meta name=\"robots\" content=\"noindex, nofollow, max-image-preview:large\" \/>\n\t<meta name=\"author\" content=\"admin\"\/>\n\t<meta name=\"google-site-verification\" content=\"TeADORbnbuzbAYnSXlpdGfN9bzDT493vArWGYaN822Y\" \/>\n\t<link rel=\"canonical\" href=\"https:\/\/cofradiadeldesarme.com\/?p=566\" \/>\n\t<meta name=\"generator\" content=\"All in One SEO (AIOSEO) 5.0.1.1\" \/>\n\t\t<meta property=\"og:locale\" content=\"es_ES\" \/>\n\t\t<meta property=\"og:site_name\" content=\"El Desarme de Oviedo - La Fiesta Gastron\u00f3mica m\u00e1s antigua de Espa\u00f1a\" \/>\n\t\t<meta property=\"og:type\" content=\"article\" \/>\n\t\t<meta property=\"og:title\" content=\"El Desarme conquista Vigo - El Desarme de Oviedo\" \/>\n\t\t<meta property=\"og:description\" content=\"La ciudad de Vigo acogi\u00f3 a una representaci\u00f3n de nuestra Cofrad\u00eda para ofrecer all\u00ed el tradicional Men\u00fa del Desarme. Como anfitri\u00f3n del acto actu\u00f3 nuestro gran Cofrade de Honor de este a\u00f1o Pepe Cadavedo, que de esta forma cumpli\u00f3 la promesa que hizo en el V Cap\u00edtulo de llevar este Men\u00fa hasta sus tierras Gallegas de adopci\u00f3n.\" \/>\n\t\t<meta property=\"og:url\" content=\"https:\/\/cofradiadeldesarme.com\/?p=566\" \/>\n\t\t<meta property=\"og:image\" content=\"https:\/\/cofradiadeldesarme.com\/wp-content\/uploads\/2025\/04\/logo-El-Desarme-min.png\" \/>\n\t\t<meta property=\"og:image:secure_url\" content=\"https:\/\/cofradiadeldesarme.com\/wp-content\/uploads\/2025\/04\/logo-El-Desarme-min.png\" \/>\n\t\t<meta property=\"article:published_time\" content=\"2017-11-29T12:33:28+00:00\" \/>\n\t\t<meta property=\"article:modified_time\" content=\"2017-11-29T12:33:28+00:00\" \/>\n\t\t<meta name=\"twitter:card\" content=\"summary_large_image\" \/>\n\t\t<meta name=\"twitter:title\" content=\"El Desarme conquista Vigo - El Desarme de Oviedo\" \/>\n\t\t<meta name=\"twitter:description\" content=\"La ciudad de Vigo acogi\u00f3 a una representaci\u00f3n de nuestra Cofrad\u00eda para ofrecer all\u00ed el tradicional Men\u00fa del Desarme. Como anfitri\u00f3n del acto actu\u00f3 nuestro gran Cofrade de Honor de este a\u00f1o Pepe Cadavedo, que de esta forma cumpli\u00f3 la promesa que hizo en el V Cap\u00edtulo de llevar este Men\u00fa hasta sus tierras Gallegas de adopci\u00f3n.\" \/>\n\t\t<meta name=\"twitter:image\" content=\"https:\/\/cofradiadeldesarme.com\/wp-content\/uploads\/2025\/04\/logo-El-Desarme-min.png\" \/>\n\t\t<script type=\"application\/ld+json\" class=\"aioseo-schema\">\n\t\t\t{\"@context\":\"https:\\\/\\\/schema.org\",\"@graph\":[{\"@type\":\"BlogPosting\",\"@id\":\"https:\\\/\\\/cofradiadeldesarme.com\\\/?p=566#blogposting\",\"name\":\"El Desarme conquista Vigo - El Desarme de Oviedo\",\"headline\":\"El Desarme conquista Vigo\",\"author\":{\"@id\":\"https:\\\/\\\/cofradiadeldesarme.com\\\/?author=1#author\"},\"publisher\":{\"@id\":\"https:\\\/\\\/cofradiadeldesarme.com\\\/#organization\"},\"image\":{\"@type\":\"ImageObject\",\"url\":567},\"datePublished\":\"2017-11-29T12:33:28+01:00\",\"dateModified\":\"2017-11-29T12:33:28+01:00\",\"inLanguage\":\"es-ES\",\"mainEntityOfPage\":{\"@id\":\"https:\\\/\\\/cofradiadeldesarme.com\\\/?p=566#webpage\"},\"isPartOf\":{\"@id\":\"https:\\\/\\\/cofradiadeldesarme.com\\\/?p=566#webpage\"},\"articleSection\":\"Noticias\"},{\"@type\":\"BreadcrumbList\",\"@id\":\"https:\\\/\\\/cofradiadeldesarme.com\\\/?p=566#breadcrumblist\",\"itemListElement\":[{\"@type\":\"ListItem\",\"@id\":\"https:\\\/\\\/cofradiadeldesarme.com#listItem\",\"position\":1,\"name\":\"Home\",\"item\":\"https:\\\/\\\/cofradiadeldesarme.com\",\"nextItem\":{\"@type\":\"ListItem\",\"@id\":\"https:\\\/\\\/cofradiadeldesarme.com\\\/?cat=69#listItem\",\"name\":\"Noticias\"}},{\"@type\":\"ListItem\",\"@id\":\"https:\\\/\\\/cofradiadeldesarme.com\\\/?cat=69#listItem\",\"position\":2,\"name\":\"Noticias\",\"item\":\"https:\\\/\\\/cofradiadeldesarme.com\\\/?cat=69\",\"nextItem\":{\"@type\":\"ListItem\",\"@id\":\"https:\\\/\\\/cofradiadeldesarme.com\\\/?p=566#listItem\",\"name\":\"El Desarme conquista Vigo\"},\"previousItem\":{\"@type\":\"ListItem\",\"@id\":\"https:\\\/\\\/cofradiadeldesarme.com#listItem\",\"name\":\"Home\"}},{\"@type\":\"ListItem\",\"@id\":\"https:\\\/\\\/cofradiadeldesarme.com\\\/?p=566#listItem\",\"position\":3,\"name\":\"El Desarme conquista Vigo\",\"previousItem\":{\"@type\":\"ListItem\",\"@id\":\"https:\\\/\\\/cofradiadeldesarme.com\\\/?cat=69#listItem\",\"name\":\"Noticias\"}}]},{\"@type\":\"Organization\",\"@id\":\"https:\\\/\\\/cofradiadeldesarme.com\\\/#organization\",\"name\":\"El Desarme de Oviedo\",\"description\":\"La Fiesta Gastron\\u00f3mica m\\u00e1s antigua de Espa\\u00f1a\",\"url\":\"https:\\\/\\\/cofradiadeldesarme.com\\\/\",\"logo\":{\"@type\":\"ImageObject\",\"url\":\"https:\\\/\\\/cofradiadeldesarme.com\\\/wp-content\\\/uploads\\\/2025\\\/04\\\/logo-El-Desarme-min.png\",\"@id\":\"https:\\\/\\\/cofradiadeldesarme.com\\\/?p=566\\\/#organizationLogo\",\"width\":400,\"height\":190},\"image\":{\"@id\":\"https:\\\/\\\/cofradiadeldesarme.com\\\/?p=566\\\/#organizationLogo\"}},{\"@type\":\"Person\",\"@id\":\"https:\\\/\\\/cofradiadeldesarme.com\\\/?author=1#author\",\"url\":\"https:\\\/\\\/cofradiadeldesarme.com\\\/?author=1\",\"name\":\"admin\",\"image\":{\"@type\":\"ImageObject\",\"@id\":\"https:\\\/\\\/cofradiadeldesarme.com\\\/?p=566#authorImage\",\"url\":\"https:\\\/\\\/secure.gravatar.com\\\/avatar\\\/5b3b35fcdad2531878232d2b4e458c1ee82d583e8b6931927916a062e9e58402?s=96&d=mm&r=g\",\"width\":96,\"height\":96,\"caption\":\"admin\"}},{\"@type\":\"WebPage\",\"@id\":\"https:\\\/\\\/cofradiadeldesarme.com\\\/?p=566#webpage\",\"url\":\"https:\\\/\\\/cofradiadeldesarme.com\\\/?p=566\",\"name\":\"El Desarme conquista Vigo - El Desarme de Oviedo\",\"description\":\"La ciudad de Vigo acogi\\u00f3 a una representaci\\u00f3n de nuestra Cofrad\\u00eda para ofrecer all\\u00ed el tradicional Men\\u00fa del Desarme. Como anfitri\\u00f3n del acto actu\\u00f3 nuestro gran Cofrade de Honor de este a\\u00f1o Pepe Cadavedo, que de esta forma cumpli\\u00f3 la promesa que hizo en el V Cap\\u00edtulo de llevar este Men\\u00fa hasta sus tierras Gallegas de adopci\\u00f3n.\",\"inLanguage\":\"es-ES\",\"isPartOf\":{\"@id\":\"https:\\\/\\\/cofradiadeldesarme.com\\\/#website\"},\"breadcrumb\":{\"@id\":\"https:\\\/\\\/cofradiadeldesarme.com\\\/?p=566#breadcrumblist\"},\"author\":{\"@id\":\"https:\\\/\\\/cofradiadeldesarme.com\\\/?author=1#author\"},\"creator\":{\"@id\":\"https:\\\/\\\/cofradiadeldesarme.com\\\/?author=1#author\"},\"image\":{\"@type\":\"ImageObject\",\"url\":567,\"@id\":\"https:\\\/\\\/cofradiadeldesarme.com\\\/?p=566\\\/#mainImage\"},\"primaryImageOfPage\":{\"@id\":\"https:\\\/\\\/cofradiadeldesarme.com\\\/?p=566#mainImage\"},\"datePublished\":\"2017-11-29T12:33:28+01:00\",\"dateModified\":\"2017-11-29T12:33:28+01:00\"},{\"@type\":\"WebSite\",\"@id\":\"https:\\\/\\\/cofradiadeldesarme.com\\\/#website\",\"url\":\"https:\\\/\\\/cofradiadeldesarme.com\\\/\",\"name\":\"El Desarme de Oviedo\",\"description\":\"La Fiesta Gastron\\u00f3mica m\\u00e1s antigua de Espa\\u00f1a\",\"inLanguage\":\"es-ES\",\"publisher\":{\"@id\":\"https:\\\/\\\/cofradiadeldesarme.com\\\/#organization\"}}]}\n\t\t<\/script>\n\t\t<!-- All in One SEO -->\n\n","aioseo_head_json":{"title":"El Desarme conquista Vigo - El Desarme de Oviedo","description":"La ciudad de Vigo acogi\u00f3 a una representaci\u00f3n de nuestra Cofrad\u00eda para ofrecer all\u00ed el tradicional Men\u00fa del Desarme. Como anfitri\u00f3n del acto actu\u00f3 nuestro gran Cofrade de Honor de este a\u00f1o Pepe Cadavedo, que de esta forma cumpli\u00f3 la promesa que hizo en el V Cap\u00edtulo de llevar este Men\u00fa hasta sus tierras Gallegas de adopci\u00f3n.","canonical_url":"https:\/\/cofradiadeldesarme.com\/?p=566","robots":"noindex, nofollow, max-image-preview:large","keywords":"","webmasterTools":{"google-site-verification":"TeADORbnbuzbAYnSXlpdGfN9bzDT493vArWGYaN822Y","miscellaneous":""},"schema":{"@context":"https:\/\/schema.org","@graph":[{"@type":"BlogPosting","@id":"https:\/\/cofradiadeldesarme.com\/?p=566#blogposting","name":"El Desarme conquista Vigo - El Desarme de Oviedo","headline":"El Desarme conquista Vigo","author":{"@id":"https:\/\/cofradiadeldesarme.com\/?author=1#author"},"publisher":{"@id":"https:\/\/cofradiadeldesarme.com\/#organization"},"image":{"@type":"ImageObject","url":567},"datePublished":"2017-11-29T12:33:28+01:00","dateModified":"2017-11-29T12:33:28+01:00","inLanguage":"es-ES","mainEntityOfPage":{"@id":"https:\/\/cofradiadeldesarme.com\/?p=566#webpage"},"isPartOf":{"@id":"https:\/\/cofradiadeldesarme.com\/?p=566#webpage"},"articleSection":"Noticias"},{"@type":"BreadcrumbList","@id":"https:\/\/cofradiadeldesarme.com\/?p=566#breadcrumblist","itemListElement":[{"@type":"ListItem","@id":"https:\/\/cofradiadeldesarme.com#listItem","position":1,"name":"Home","item":"https:\/\/cofradiadeldesarme.com","nextItem":{"@type":"ListItem","@id":"https:\/\/cofradiadeldesarme.com\/?cat=69#listItem","name":"Noticias"}},{"@type":"ListItem","@id":"https:\/\/cofradiadeldesarme.com\/?cat=69#listItem","position":2,"name":"Noticias","item":"https:\/\/cofradiadeldesarme.com\/?cat=69","nextItem":{"@type":"ListItem","@id":"https:\/\/cofradiadeldesarme.com\/?p=566#listItem","name":"El Desarme conquista Vigo"},"previousItem":{"@type":"ListItem","@id":"https:\/\/cofradiadeldesarme.com#listItem","name":"Home"}},{"@type":"ListItem","@id":"https:\/\/cofradiadeldesarme.com\/?p=566#listItem","position":3,"name":"El Desarme conquista Vigo","previousItem":{"@type":"ListItem","@id":"https:\/\/cofradiadeldesarme.com\/?cat=69#listItem","name":"Noticias"}}]},{"@type":"Organization","@id":"https:\/\/cofradiadeldesarme.com\/#organization","name":"El Desarme de Oviedo","description":"La Fiesta Gastron\u00f3mica m\u00e1s antigua de Espa\u00f1a","url":"https:\/\/cofradiadeldesarme.com\/","logo":{"@type":"ImageObject","url":"https:\/\/cofradiadeldesarme.com\/wp-content\/uploads\/2025\/04\/logo-El-Desarme-min.png","@id":"https:\/\/cofradiadeldesarme.com\/?p=566\/#organizationLogo","width":400,"height":190},"image":{"@id":"https:\/\/cofradiadeldesarme.com\/?p=566\/#organizationLogo"}},{"@type":"Person","@id":"https:\/\/cofradiadeldesarme.com\/?author=1#author","url":"https:\/\/cofradiadeldesarme.com\/?author=1","name":"admin","image":{"@type":"ImageObject","@id":"https:\/\/cofradiadeldesarme.com\/?p=566#authorImage","url":"https:\/\/secure.gravatar.com\/avatar\/5b3b35fcdad2531878232d2b4e458c1ee82d583e8b6931927916a062e9e58402?s=96&d=mm&r=g","width":96,"height":96,"caption":"admin"}},{"@type":"WebPage","@id":"https:\/\/cofradiadeldesarme.com\/?p=566#webpage","url":"https:\/\/cofradiadeldesarme.com\/?p=566","name":"El Desarme conquista Vigo - El Desarme de Oviedo","description":"La ciudad de Vigo acogi\u00f3 a una representaci\u00f3n de nuestra Cofrad\u00eda para ofrecer all\u00ed el tradicional Men\u00fa del Desarme. Como anfitri\u00f3n del acto actu\u00f3 nuestro gran Cofrade de Honor de este a\u00f1o Pepe Cadavedo, que de esta forma cumpli\u00f3 la promesa que hizo en el V Cap\u00edtulo de llevar este Men\u00fa hasta sus tierras Gallegas de adopci\u00f3n.","inLanguage":"es-ES","isPartOf":{"@id":"https:\/\/cofradiadeldesarme.com\/#website"},"breadcrumb":{"@id":"https:\/\/cofradiadeldesarme.com\/?p=566#breadcrumblist"},"author":{"@id":"https:\/\/cofradiadeldesarme.com\/?author=1#author"},"creator":{"@id":"https:\/\/cofradiadeldesarme.com\/?author=1#author"},"image":{"@type":"ImageObject","url":567,"@id":"https:\/\/cofradiadeldesarme.com\/?p=566\/#mainImage"},"primaryImageOfPage":{"@id":"https:\/\/cofradiadeldesarme.com\/?p=566#mainImage"},"datePublished":"2017-11-29T12:33:28+01:00","dateModified":"2017-11-29T12:33:28+01:00"},{"@type":"WebSite","@id":"https:\/\/cofradiadeldesarme.com\/#website","url":"https:\/\/cofradiadeldesarme.com\/","name":"El Desarme de Oviedo","description":"La Fiesta Gastron\u00f3mica m\u00e1s antigua de Espa\u00f1a","inLanguage":"es-ES","publisher":{"@id":"https:\/\/cofradiadeldesarme.com\/#organization"}}]},"og:locale":"es_ES","og:site_name":"El Desarme de Oviedo - La Fiesta Gastron\u00f3mica m\u00e1s antigua de Espa\u00f1a","og:type":"article","og:title":"El Desarme conquista Vigo - El Desarme de Oviedo","og:description":"La ciudad de Vigo acogi\u00f3 a una representaci\u00f3n de nuestra Cofrad\u00eda para ofrecer all\u00ed el tradicional Men\u00fa del Desarme. Como anfitri\u00f3n del acto actu\u00f3 nuestro gran Cofrade de Honor de este a\u00f1o Pepe Cadavedo, que de esta forma cumpli\u00f3 la promesa que hizo en el V Cap\u00edtulo de llevar este Men\u00fa hasta sus tierras Gallegas de adopci\u00f3n.","og:url":"https:\/\/cofradiadeldesarme.com\/?p=566","og:image":"https:\/\/cofradiadeldesarme.com\/wp-content\/uploads\/2025\/04\/logo-El-Desarme-min.png","og:image:secure_url":"https:\/\/cofradiadeldesarme.com\/wp-content\/uploads\/2025\/04\/logo-El-Desarme-min.png","article:published_time":"2017-11-29T12:33:28+00:00","article:modified_time":"2017-11-29T12:33:28+00:00","twitter:card":"summary_large_image","twitter:title":"El Desarme conquista Vigo - El Desarme de Oviedo","twitter:description":"La ciudad de Vigo acogi\u00f3 a una representaci\u00f3n de nuestra Cofrad\u00eda para ofrecer all\u00ed el tradicional Men\u00fa del Desarme. Como anfitri\u00f3n del acto actu\u00f3 nuestro gran Cofrade de Honor de este a\u00f1o Pepe Cadavedo, que de esta forma cumpli\u00f3 la promesa que hizo en el V Cap\u00edtulo de llevar este Men\u00fa hasta sus tierras Gallegas de adopci\u00f3n.","twitter:image":"https:\/\/cofradiadeldesarme.com\/wp-content\/uploads\/2025\/04\/logo-El-Desarme-min.png"},"aioseo_meta_data":{"post_id":"566","title":null,"description":null,"keywords":null,"keyphrases":null,"primary_term":null,"canonical_url":null,"og_title":null,"og_description":null,"og_object_type":"default","og_image_type":"default","og_image_url":null,"og_image_width":null,"og_image_height":null,"og_image_custom_url":null,"og_image_custom_fields":null,"og_video":null,"og_custom_url":null,"og_article_section":null,"og_article_tags":null,"twitter_use_og":false,"twitter_card":"default","twitter_image_type":"default","twitter_image_url":null,"twitter_image_custom_url":null,"twitter_image_custom_fields":null,"twitter_title":null,"twitter_description":null,"schema":{"blockGraphs":[],"customGraphs":[],"default":{"data":{"Article":[],"Course":[],"Dataset":[],"FAQPage":[],"Movie":[],"Person":[],"Product":[],"ProductReview":[],"Car":[],"Recipe":[],"Service":[],"SoftwareApplication":[],"WebPage":[]},"graphName":"","isEnabled":true},"graphs":[]},"schema_type":"default","schema_type_options":null,"pillar_content":false,"robots_default":true,"robots_noindex":false,"robots_noarchive":false,"robots_nosnippet":false,"robots_nofollow":false,"robots_noimageindex":false,"robots_noodp":false,"robots_notranslate":false,"robots_max_snippet":null,"robots_max_videopreview":null,"robots_max_imagepreview":"large","priority":null,"frequency":null,"local_seo":null,"breadcrumb_settings":null,"limit_modified_date":false,"ai":null,"created":"2025-09-04 20:13:17","updated":"2025-09-04 20:13:17","seo_analyzer_scan_date":null,"focus_keyword":null,"additional_keywords":null,"truseo_locale":null},"aioseo_breadcrumb":"<div class=\"aioseo-breadcrumbs\"><span class=\"aioseo-breadcrumb\">\n\t\t\t<a href=\"https:\/\/cofradiadeldesarme.com\" title=\"Home\">Home<\/a>\n\t\t<\/span><span class=\"aioseo-breadcrumb-separator\">&raquo;<\/span><span class=\"aioseo-breadcrumb\">\n\t\t\t<a href=\"https:\/\/cofradiadeldesarme.com\/?cat=69\" title=\"Noticias\">Noticias<\/a>\n\t\t<\/span><span class=\"aioseo-breadcrumb-separator\">&raquo;<\/span><span class=\"aioseo-breadcrumb\">\n\t\t\tEl Desarme conquista Vigo\n\t\t<\/span><\/div>","aioseo_breadcrumb_json":[{"label":"Home","link":"https:\/\/cofradiadeldesarme.com"},{"label":"Noticias","link":"https:\/\/cofradiadeldesarme.com\/?cat=69"},{"label":"El Desarme conquista Vigo","link":"https:\/\/cofradiadeldesarme.com\/?p=566"}],"acf":[],"_links":{"self":[{"href":"https:\/\/cofradiadeldesarme.com\/index.php?rest_route=\/wp\/v2\/posts\/566","targetHints":{"allow":["GET"]}}],"collection":[{"href":"https:\/\/cofradiadeldesarme.com\/index.php?rest_route=\/wp\/v2\/posts"}],"about":[{"href":"https:\/\/cofradiadeldesarme.com\/index.php?rest_route=\/wp\/v2\/types\/post"}],"author":[{"embeddable":true,"href":"https:\/\/cofradiadeldesarme.com\/index.php?rest_route=\/wp\/v2\/users\/1"}],"replies":[{"embeddable":true,"href":"https:\/\/cofradiadeldesarme.com\/index.php?rest_route=%2Fwp%2Fv2%2Fcomments&post=566"}],"version-history":[{"count":0,"href":"https:\/\/cofradiadeldesarme.com\/index.php?rest_route=\/wp\/v2\/posts\/566\/revisions"}],"wp:attachment":[{"href":"https:\/\/cofradiadeldesarme.com\/index.php?rest_route=%2Fwp%2Fv2%2Fmedia&parent=566"}],"wp:term":[{"taxonomy":"category","embeddable":true,"href":"https:\/\/cofradiadeldesarme.com\/index.php?rest_route=%2Fwp%2Fv2%2Fcategories&post=566"},{"taxonomy":"post_tag","embeddable":true,"href":"https:\/\/cofradiadeldesarme.com\/index.php?rest_route=%2Fwp%2Fv2%2Ftags&post=566"}],"curies":[{"name":"wp","href":"https:\/\/api.w.org\/{rel}","templated":true}]}}